{"id":9951,"date":"2026-04-26T21:03:13","date_gmt":"2026-04-26T19:03:13","guid":{"rendered":"https:\/\/catholiques17.fr\/tonnaycharente\/?p=9951"},"modified":"2026-04-26T21:03:14","modified_gmt":"2026-04-26T19:03:14","slug":"semaine-du-27-avril-3-mai-2026","status":"publish","type":"post","link":"https:\/\/catholiques17.fr\/tonnaycharente\/2026\/04\/26\/semaine-du-27-avril-3-mai-2026\/","title":{"rendered":"Semaine du 27 avril &#8211; 3 mai 2026"},"content":{"rendered":"\n<p>Fr\u00e8res et s\u0153urs,<br>En ce Dimanche du Bon Pasteur, qui est aussi le Dimanche mondial de pri\u00e8re pour<br>les vocations, l\u2019\u00c9glise nous invite \u00e0 tourner notre regard vers le Christ, \u00e0 \u00e9couter sa<br>voix et \u00e0 raviver notre d\u00e9sir de le suivre. Ce dimanche particulier n\u2019est pas seulement<br>une journ\u00e9e pour parler des pr\u00eatres ou des religieux\u202f: c\u2019est un appel adress\u00e9 \u00e0 chacun de<br>nous. Car tous, baptis\u00e9s, nous sommes invit\u00e9s \u00e0 reconna\u00eetre le vrai Pasteur et \u00e0 marcher<br>ensemble derri\u00e8re lui. C\u2019est dans cet esprit que nous accueillons la Parole de Dieu<br>aujourd\u2019hui.<br>L\u2019image du pasteur traverse toute la Bible. Dans l\u2019Ancien Testament, les proph\u00e8tes<br>J\u00e9r\u00e9mie et \u00c9z\u00e9kiel d\u00e9noncent les mauvais pasteurs d\u2019Isra\u00ebl\u202f: ceux qui se servent du<br>peuple au lieu de le servir. Ils mangent la graisse, s\u2019habillent de la laine, mais n\u2019ont pas<br>soign\u00e9 la brebis malade ni ramen\u00e9 celle qui \u00e9tait perdue. Face \u00e0 cette infid\u00e9lit\u00e9, Dieu<br>promet d\u2019intervenir lui-m\u00eame\u202f: \u00ab\u202fJe rassemblerai mes brebis\u2026 je les ram\u00e8nerai dans<br>leurs p\u00e2turages\u202f\u00bb. Dieu devient le v\u00e9ritable berger, celui qui conna\u00eet, prot\u00e8ge et conduit<br>son peuple.<br>J\u00e9sus accomplit cette promesse. Il n\u2019est pas un pasteur parmi d\u2019autres\u202f: il est le Bon<br>Pasteur, celui qui conna\u00eet chacun par son nom, qui comprend nos intentions, nos<br>fragilit\u00e9s, nos joies et nos peines. Contrairement aux mercenaires, il ne cherche pas son<br>profit\u202f: il donne sa vie pour ses brebis. Il est aussi la porte, l\u2019unique passage qui conduit<br>\u00e0 la vie v\u00e9ritable.<br>En ce Dimanche des Vocations, cette Parole nous rejoint directement. Le Christ<br>continue d\u2019appeler\u202f: des pr\u00eatres, des diacres, des consacr\u00e9s, mais aussi des la\u00efcs<br>engag\u00e9s, des familles, des jeunes en recherche. Chacun, selon sa vocation, est invit\u00e9 \u00e0<br>refl\u00e9ter quelque chose du c\u0153ur du Bon Pasteur\u202f: prendre soin, accompagner, rassembler,<br>encourager, guider vers la vie.<br>Prions donc les uns pour les autres\u202f: que les pr\u00eatres soient des pasteurs selon le c\u0153ur du<br>Christ, que les jeunes entendent l\u2019appel du Seigneur, et que tous les baptis\u00e9s marchent<br>ensemble vers la porte o\u00f9 est \u00e9crit le nom de J\u00e9sus, pour trouver la vie en abondance.<\/p>\n\n\n\n<p><strong>P\u00e8re J-M Vo Ta Sam<\/strong><\/p>\n\n\n\n<p><\/p>\n\n\n\n<p><strong>Les messes de la semaine<\/strong><br>Date de Messe Lieu Heure<br>Lundi 27 &#8211; &#8211;<br>Mardi 28 Tonnay-Charente 18h30<br>Mercredi 29 Tonnay-Charente 11h30<br>Jeudi 30 R\u00e9sidentiels 15h<br>Vendredi 1 re<br>Samedi 02 Tonnay-Charente 9h30<br>Dimanche 03 Tonnay-Charente 10h30<\/p>\n\n\n\n<p><\/p>\n\n\n\n<p><strong>Annonces\u00a0:<\/strong><\/p>\n\n\n\n<p>Cat\u00e9chum\u00e9nat&nbsp;: Mardi 28 \u00e0 20h30 au presbyt\u00e8re.<br>Pr\u00e9paration au sacrement du mariage&nbsp;: samedi 02 mai \u2013 10h au presbyt\u00e8re.<br>Mois de Mais-Mois de Marie :<\/p>\n\n\n\n<ul class=\"wp-block-list\">\n<li>Au mois de mai, nous prions le chapelet les samedis \u00e0 9h suivie la messe \u00e0 9h30.<\/li>\n<\/ul>\n","protected":false},"excerpt":{"rendered":"<p>Fr\u00e8res et s\u0153urs,En ce Dimanche du Bon Pasteur, qui est aussi le Dimanche mondial de pri\u00e8re pourles vocations, l\u2019\u00c9glise nous invite \u00e0 tourner notre regard vers le Christ, \u00e0 \u00e9couter [&hellip;]<\/p>\n","protected":false},"author":85,"featured_media":5091,"comment_status":"open","ping_status":"open","sticky":false,"template":"","format":"standard","meta":{"_et_pb_use_builder":"off","_et_pb_old_content":"","_et_gb_content_width":"","footnotes":""},"categories":[6],"tags":[],"class_list":["post-9951","post","type-post","status-publish","format-standard","has-post-thumbnail","hentry","category-actualite"],"_links":{"self":[{"href":"https:\/\/catholiques17.fr\/tonnaycharente\/wp-json\/wp\/v2\/posts\/9951","targetHints":{"allow":["GET"]}}],"collection":[{"href":"https:\/\/catholiques17.fr\/tonnaycharente\/wp-json\/wp\/v2\/posts"}],"about":[{"href":"https:\/\/catholiques17.fr\/tonnaycharente\/wp-json\/wp\/v2\/types\/post"}],"author":[{"embeddable":true,"href":"https:\/\/catholiques17.fr\/tonnaycharente\/wp-json\/wp\/v2\/users\/85"}],"replies":[{"embeddable":true,"href":"https:\/\/catholiques17.fr\/tonnaycharente\/wp-json\/wp\/v2\/comments?post=9951"}],"version-history":[{"count":1,"href":"https:\/\/catholiques17.fr\/tonnaycharente\/wp-json\/wp\/v2\/posts\/9951\/revisions"}],"predecessor-version":[{"id":9952,"href":"https:\/\/catholiques17.fr\/tonnaycharente\/wp-json\/wp\/v2\/posts\/9951\/revisions\/9952"}],"wp:featuredmedia":[{"embeddable":true,"href":"https:\/\/catholiques17.fr\/tonnaycharente\/wp-json\/wp\/v2\/media\/5091"}],"wp:attachment":[{"href":"https:\/\/catholiques17.fr\/tonnaycharente\/wp-json\/wp\/v2\/media?parent=9951"}],"wp:term":[{"taxonomy":"category","embeddable":true,"href":"https:\/\/catholiques17.fr\/tonnaycharente\/wp-json\/wp\/v2\/categories?post=9951"},{"taxonomy":"post_tag","embeddable":true,"href":"https:\/\/catholiques17.fr\/tonnaycharente\/wp-json\/wp\/v2\/tags?post=9951"}],"curies":[{"name":"wp","href":"https:\/\/api.w.org\/{rel}","templated":true}]}}