{"id":9896,"date":"2026-01-10T20:41:19","date_gmt":"2026-01-10T19:41:19","guid":{"rendered":"https:\/\/catholiques17.fr\/tonnaycharente\/?p=9896"},"modified":"2026-01-10T20:41:20","modified_gmt":"2026-01-10T19:41:20","slug":"annonces-la-semaine-du-11-au-18-janvier-26","status":"publish","type":"post","link":"https:\/\/catholiques17.fr\/tonnaycharente\/2026\/01\/10\/annonces-la-semaine-du-11-au-18-janvier-26\/","title":{"rendered":"Annonces la semaine du 11 au 18 janvier 26"},"content":{"rendered":"\n<figure class=\"wp-block-table\"><table class=\"has-fixed-layout\"><tbody><tr><td><strong>Date de Messe<\/strong><\/td><td><strong>Lieu<\/strong><\/td><td><strong>Heure<\/strong><\/td><\/tr><tr><td>Lundi 12<\/td><td>&#8211;<\/td><td>&#8211;<\/td><\/tr><tr><td>Mardi 13<\/td><td>Tonnay-Charente<\/td><td>18h<\/td><\/tr><tr><td>Mercredi 14<\/td><td>Tonnay-Charente<\/td><td>11h30<\/td><\/tr><tr><td>Jeudi 15<\/td><td>Porte du Jardin<\/td><td>15h<\/td><\/tr><tr><td>Vendredi 16<\/td><td><a>Tonnay-Charente<\/a><\/td><td>18h<\/td><\/tr><tr><td>Samedi 17<\/td><td>Tonnay-Charente<\/td><td>9h30<\/td><\/tr><tr><td>Dimanche 18&nbsp;:Messe en Famille<\/td><td>Tonnay-Charente<\/td><td>10h30<\/td><\/tr><\/tbody><\/table><\/figure>\n\n\n\n<p><strong><u>Pr\u00e9paration au bapt\u00eame des b\u00e9b\u00e9s&nbsp;:<\/u><\/strong> jeudi 15 janvier \u00e0 20h au presbyt\u00e8re.<\/p>\n\n\n\n<p><strong>Obs\u00e8que<\/strong>s: Mercredi 14 janvier \u00e0 14h30 \u00e0 Saint Hippolyte auront lieu les obs\u00e8ques de Mme. Andr\u00e9e Pellier. Et vendredi 16 janvier \u00e0 10h aussi \u00e0 St Hippolyte les obs\u00e8que de M. Daniel PETIT.<\/p>\n\n\n\n<p><strong><u>Pr\u00e9paration au sacrement du mariage <\/u><\/strong>: vendredi 16 janvier \u00e0 20h30 au presbyt\u00e8re.<\/p>\n\n\n\n<p><strong><u>Adoration de l\u2019Eucharistie<\/u><\/strong>&nbsp;: samedi \u00e0 9h suivie la Messe.<\/p>\n\n\n\n<p><strong><u>Eveil \u00e0 la foi<\/u><\/strong>&nbsp;: samedi 17 janvier \u00e0 11h au presbyt\u00e8re.<\/p>\n\n\n\n<p><strong><u>Approfondissement du Credo<\/u>&nbsp;:<\/strong><\/p>\n\n\n\n<p>Le <strong>samedi 17 janvier \u00e0 15h<\/strong>, au <strong>presbyt\u00e8re de Tonnay-Charente<\/strong>, nous poursuivrons notre approfondissement du Credo autour du th\u00e8me :<\/p>\n\n\n\n<p><strong>\u00ab La toute-puissance de Dieu \u00bb<\/strong><\/p>\n\n\n\n<p>Comment comprendre la puissance de Dieu ? Comment la foi chr\u00e9tienne nous aide-t-elle \u00e0 accueillir ce myst\u00e8re ?<\/p>\n\n\n\n<p>Vous \u00eates tous chaleureusement invit\u00e9s \u00e0 ce temps d\u2019enseignement et de partage.<\/p>\n","protected":false},"excerpt":{"rendered":"<p>Date de Messe Lieu Heure Lundi 12 &#8211; &#8211; Mardi 13 Tonnay-Charente 18h Mercredi 14 Tonnay-Charente 11h30 Jeudi 15 Porte du Jardin 15h Vendredi 16 Tonnay-Charente 18h Samedi 17 Tonnay-Charente [&hellip;]<\/p>\n","protected":false},"author":84,"featured_media":0,"comment_status":"open","ping_status":"open","sticky":false,"template":"","format":"standard","meta":{"_et_pb_use_builder":"off","_et_pb_old_content":"","_et_gb_content_width":"","footnotes":""},"categories":[6],"tags":[],"class_list":["post-9896","post","type-post","status-publish","format-standard","hentry","category-actualite"],"_links":{"self":[{"href":"https:\/\/catholiques17.fr\/tonnaycharente\/wp-json\/wp\/v2\/posts\/9896","targetHints":{"allow":["GET"]}}],"collection":[{"href":"https:\/\/catholiques17.fr\/tonnaycharente\/wp-json\/wp\/v2\/posts"}],"about":[{"href":"https:\/\/catholiques17.fr\/tonnaycharente\/wp-json\/wp\/v2\/types\/post"}],"author":[{"embeddable":true,"href":"https:\/\/catholiques17.fr\/tonnaycharente\/wp-json\/wp\/v2\/users\/84"}],"replies":[{"embeddable":true,"href":"https:\/\/catholiques17.fr\/tonnaycharente\/wp-json\/wp\/v2\/comments?post=9896"}],"version-history":[{"count":1,"href":"https:\/\/catholiques17.fr\/tonnaycharente\/wp-json\/wp\/v2\/posts\/9896\/revisions"}],"predecessor-version":[{"id":9897,"href":"https:\/\/catholiques17.fr\/tonnaycharente\/wp-json\/wp\/v2\/posts\/9896\/revisions\/9897"}],"wp:attachment":[{"href":"https:\/\/catholiques17.fr\/tonnaycharente\/wp-json\/wp\/v2\/media?parent=9896"}],"wp:term":[{"taxonomy":"category","embeddable":true,"href":"https:\/\/catholiques17.fr\/tonnaycharente\/wp-json\/wp\/v2\/categories?post=9896"},{"taxonomy":"post_tag","embeddable":true,"href":"https:\/\/catholiques17.fr\/tonnaycharente\/wp-json\/wp\/v2\/tags?post=9896"}],"curies":[{"name":"wp","href":"https:\/\/api.w.org\/{rel}","templated":true}]}}