{"id":9884,"date":"2025-12-27T16:36:20","date_gmt":"2025-12-27T15:36:20","guid":{"rendered":"https:\/\/catholiques17.fr\/tonnaycharente\/?p=9884"},"modified":"2025-12-27T16:36:22","modified_gmt":"2025-12-27T15:36:22","slug":"mettre-dieu-au-centre-le-secret-des-familles-fortes","status":"publish","type":"post","link":"https:\/\/catholiques17.fr\/tonnaycharente\/2025\/12\/27\/mettre-dieu-au-centre-le-secret-des-familles-fortes\/","title":{"rendered":"Mettre Dieu au centre : le secret des familles fortes"},"content":{"rendered":"\n<p>La famille d\u2019aujourd\u2019hui traverse des temp\u00eates profondes : s\u00e9parations, conflits, peur de l\u2019avenir, peur d\u2019\u00e9chouer. Beaucoup n\u2019osent plus s\u2019y engager. D\u2019autres, d\u00e9j\u00e0 engag\u00e9s, se d\u00e9battent dans la fatigue, l\u2019incompr\u00e9hension ou la solitude int\u00e9rieure. Ces blessures sont r\u00e9elles et elles marquent durablement aussi bien les parents que les enfants.<\/p>\n\n\n\n<p>C\u2019est pr\u00e9cis\u00e9ment l\u00e0 que la Sainte Famille devient une lumi\u00e8re. Marie et Joseph n\u2019ont pas connu le divorce, mais ils ont affront\u00e9 l\u2019inattendu, l\u2019ins\u00e9curit\u00e9, le bouleversement total de leurs projets. Joseph accepte un enfant qui n\u2019est pas de son sang. Marie quant \u00e0 elle, accueille une maternit\u00e9 qu\u2019elle n\u2019avait pas choisie. Tous deux avancent dans l\u2019incertitude\u2026 mais ils avancent avec Dieu.<\/p>\n\n\n\n<p>Quand nous les regardons dans la cr\u00e8che, ils ont l\u2019air paisibles mais leur paix ne vient pas d\u2019une vie facile, elle na\u00eet d\u2019un choix radical : faire confiance. Ni l\u2019un ni l\u2019autre ne comprend tout, mais ils s\u2019abandonnent. Ils construisent leur famille non sur leurs plans, mais sur le projet de Dieu. Voil\u00e0 leur force. Voil\u00e0 leur exemple. Nos familles ne seront jamais parfaites, mais elles peuvent \u00eatre habit\u00e9es par la foi, la fid\u00e9lit\u00e9, le pardon et la confiance. Si Dieu est au centre de la famille, tous marchent ensembles vers une seule direction&nbsp;: la saintet\u00e9.<\/p>\n\n\n\n<p>Alors, en cette nouvelle ann\u00e9e 2026, je vous invite \u00e0 remettre vos projets, vos joies et vos fragilit\u00e9s entre les mains de Dieu. Qu\u2019Il vous guide, qu\u2019Il vous fortifie, qu\u2019Il vous donne la paix. Que la Sainte Famille de Nazareth accompagne chacun de vos pas.<\/p>\n\n\n\n<p>Bonne et sainte ann\u00e9e \u00e0 tous. P\u00e8re J-M Vo Ta Sam<\/p>\n","protected":false},"excerpt":{"rendered":"<p>La famille d\u2019aujourd\u2019hui traverse des temp\u00eates profondes : s\u00e9parations, conflits, peur de l\u2019avenir, peur d\u2019\u00e9chouer. Beaucoup n\u2019osent plus s\u2019y engager. D\u2019autres, d\u00e9j\u00e0 engag\u00e9s, se d\u00e9battent dans la fatigue, l\u2019incompr\u00e9hension ou [&hellip;]<\/p>\n","protected":false},"author":84,"featured_media":9885,"comment_status":"open","ping_status":"open","sticky":false,"template":"","format":"standard","meta":{"_et_pb_use_builder":"off","_et_pb_old_content":"","_et_gb_content_width":"","footnotes":""},"categories":[6],"tags":[],"class_list":["post-9884","post","type-post","status-publish","format-standard","has-post-thumbnail","hentry","category-actualite"],"_links":{"self":[{"href":"https:\/\/catholiques17.fr\/tonnaycharente\/wp-json\/wp\/v2\/posts\/9884","targetHints":{"allow":["GET"]}}],"collection":[{"href":"https:\/\/catholiques17.fr\/tonnaycharente\/wp-json\/wp\/v2\/posts"}],"about":[{"href":"https:\/\/catholiques17.fr\/tonnaycharente\/wp-json\/wp\/v2\/types\/post"}],"author":[{"embeddable":true,"href":"https:\/\/catholiques17.fr\/tonnaycharente\/wp-json\/wp\/v2\/users\/84"}],"replies":[{"embeddable":true,"href":"https:\/\/catholiques17.fr\/tonnaycharente\/wp-json\/wp\/v2\/comments?post=9884"}],"version-history":[{"count":1,"href":"https:\/\/catholiques17.fr\/tonnaycharente\/wp-json\/wp\/v2\/posts\/9884\/revisions"}],"predecessor-version":[{"id":9886,"href":"https:\/\/catholiques17.fr\/tonnaycharente\/wp-json\/wp\/v2\/posts\/9884\/revisions\/9886"}],"wp:featuredmedia":[{"embeddable":true,"href":"https:\/\/catholiques17.fr\/tonnaycharente\/wp-json\/wp\/v2\/media\/9885"}],"wp:attachment":[{"href":"https:\/\/catholiques17.fr\/tonnaycharente\/wp-json\/wp\/v2\/media?parent=9884"}],"wp:term":[{"taxonomy":"category","embeddable":true,"href":"https:\/\/catholiques17.fr\/tonnaycharente\/wp-json\/wp\/v2\/categories?post=9884"},{"taxonomy":"post_tag","embeddable":true,"href":"https:\/\/catholiques17.fr\/tonnaycharente\/wp-json\/wp\/v2\/tags?post=9884"}],"curies":[{"name":"wp","href":"https:\/\/api.w.org\/{rel}","templated":true}]}}