{"id":9873,"date":"2025-12-06T19:33:17","date_gmt":"2025-12-06T18:33:17","guid":{"rendered":"https:\/\/catholiques17.fr\/tonnaycharente\/?p=9873"},"modified":"2025-12-06T19:33:18","modified_gmt":"2025-12-06T18:33:18","slug":"la-voix-qui-derange-et-qui-sauve","status":"publish","type":"post","link":"https:\/\/catholiques17.fr\/tonnaycharente\/2025\/12\/06\/la-voix-qui-derange-et-qui-sauve\/","title":{"rendered":"La voix qui d\u00e9range et qui sauve"},"content":{"rendered":"\n<p><\/p>\n\n\n\n<p>Dans la langue vietnamienne, on dit\u202f: <em>\u00ab La grenouille meurt \u00e0 cause de sa gueule. \u00bb<\/em> Autrement dit\u202f: <em>\u00ab Se taire prot\u00e8ge la vie, parler trop attire le malheur. \u00bb<\/em> Dans l\u2019existence, il est parfois n\u00e9cessaire de garder le silence pour vivre en paix. Cela est d\u2019autant plus vrai dans les pays priv\u00e9s de libert\u00e9 de presse et de parole. Mais il arrive aussi que le silence soit impossible\u202f: il faut parler, d\u00e9noncer, avertir, se battre pour la v\u00e9rit\u00e9 et la justice, quitte \u00e0 y perdre la vie.<\/p>\n\n\n\n<p>Jean-Baptiste en est l\u2019exemple \u00e9clatant. Sa parole lui a co\u00fbt\u00e9 la mort. Il d\u00e9non\u00e7ait l\u2019injustice, le mal et le p\u00e9ch\u00e9, et sa voix d\u00e9rangeait ceux qui s\u2019y complaisaient. Elle r\u00e9sonnait jusque dans les c\u0153urs des Jud\u00e9ens et des habitants des alentours\u202f: <em>\u00ab Alors J\u00e9rusalem, toute la Jud\u00e9e et toute la r\u00e9gion du Jourdain se rendaient aupr\u00e8s de lui. \u00bb<\/em> Elle vibrait jusque dans la conscience du roi H\u00e9rode, l\u2019obligeant \u00e0 s\u2019interroger sur ses actes. Elle troublait aussi H\u00e9rodiade, incapable de trouver la paix int\u00e9rieure.<\/p>\n\n\n\n<p>La voix de Jean-Baptiste d\u00e9voilait le mal des hommes, rappelait les p\u00e9ch\u00e9s des c\u0153urs, jugeait l\u2019injustice de la soci\u00e9t\u00e9. Et cette voix, puissante et libre, a conduit beaucoup \u00e0 la conversion, sur le chemin de la v\u00e9rit\u00e9. Car lorsqu\u2019un c\u0153ur se convertit, Dieu vient y habiter.<\/p>\n\n\n\n<p>En ce temps de l\u2019Avent, la question demeure\u202f:<\/p>\n\n\n\n<ul class=\"wp-block-list\">\n<li>Est-ce que la voix de l\u2019\u00c9vangile r\u00e9sonne en moi, dans ma conscience\u202f?<\/li>\n\n\n\n<li>Est-ce que j\u2019entends l\u2019appel \u00e0 la conversion\u202f?<\/li>\n\n\n\n<li>Est-ce que je pr\u00e9pare mon c\u0153ur \u00e0 recevoir Dieu\u202f?<\/li>\n<\/ul>\n\n\n\n<p>En ce temps de l\u2019Avent, la voix de Jean-Baptiste nous rappelle que la v\u00e9rit\u00e9 d\u00e9range mais lib\u00e8re. Oser l\u2019\u00e9couter, c\u2019est pr\u00e9parer notre c\u0153ur \u00e0 accueillir Dieu.<\/p>\n\n\n\n<p><strong><em>P\u00e8re J-M Vo Ta Sam<\/em><\/strong><\/p>\n","protected":false},"excerpt":{"rendered":"<p>Dans la langue vietnamienne, on dit\u202f: \u00ab La grenouille meurt \u00e0 cause de sa gueule. \u00bb Autrement dit\u202f: \u00ab Se taire prot\u00e8ge la vie, parler trop attire le malheur. \u00bb [&hellip;]<\/p>\n","protected":false},"author":84,"featured_media":9874,"comment_status":"open","ping_status":"open","sticky":false,"template":"","format":"standard","meta":{"_et_pb_use_builder":"off","_et_pb_old_content":"","_et_gb_content_width":"","footnotes":""},"categories":[6],"tags":[],"class_list":["post-9873","post","type-post","status-publish","format-standard","has-post-thumbnail","hentry","category-actualite"],"_links":{"self":[{"href":"https:\/\/catholiques17.fr\/tonnaycharente\/wp-json\/wp\/v2\/posts\/9873","targetHints":{"allow":["GET"]}}],"collection":[{"href":"https:\/\/catholiques17.fr\/tonnaycharente\/wp-json\/wp\/v2\/posts"}],"about":[{"href":"https:\/\/catholiques17.fr\/tonnaycharente\/wp-json\/wp\/v2\/types\/post"}],"author":[{"embeddable":true,"href":"https:\/\/catholiques17.fr\/tonnaycharente\/wp-json\/wp\/v2\/users\/84"}],"replies":[{"embeddable":true,"href":"https:\/\/catholiques17.fr\/tonnaycharente\/wp-json\/wp\/v2\/comments?post=9873"}],"version-history":[{"count":1,"href":"https:\/\/catholiques17.fr\/tonnaycharente\/wp-json\/wp\/v2\/posts\/9873\/revisions"}],"predecessor-version":[{"id":9875,"href":"https:\/\/catholiques17.fr\/tonnaycharente\/wp-json\/wp\/v2\/posts\/9873\/revisions\/9875"}],"wp:featuredmedia":[{"embeddable":true,"href":"https:\/\/catholiques17.fr\/tonnaycharente\/wp-json\/wp\/v2\/media\/9874"}],"wp:attachment":[{"href":"https:\/\/catholiques17.fr\/tonnaycharente\/wp-json\/wp\/v2\/media?parent=9873"}],"wp:term":[{"taxonomy":"category","embeddable":true,"href":"https:\/\/catholiques17.fr\/tonnaycharente\/wp-json\/wp\/v2\/categories?post=9873"},{"taxonomy":"post_tag","embeddable":true,"href":"https:\/\/catholiques17.fr\/tonnaycharente\/wp-json\/wp\/v2\/tags?post=9873"}],"curies":[{"name":"wp","href":"https:\/\/api.w.org\/{rel}","templated":true}]}}