{"id":9854,"date":"2025-11-22T20:51:56","date_gmt":"2025-11-22T19:51:56","guid":{"rendered":"https:\/\/catholiques17.fr\/tonnaycharente\/?p=9854"},"modified":"2025-11-22T21:25:51","modified_gmt":"2025-11-22T20:25:51","slug":"annonce-de-la-semaine-23-30-nov","status":"publish","type":"post","link":"https:\/\/catholiques17.fr\/tonnaycharente\/2025\/11\/22\/annonce-de-la-semaine-23-30-nov\/","title":{"rendered":"Annonces de la semaine 23-30 nov."},"content":{"rendered":"\n<figure class=\"wp-block-table\"><table class=\"has-fixed-layout\"><tbody><tr><td><strong>Date<\/strong> de Messe<\/td><td><strong>Lieu<\/strong><\/td><td><strong>Heure<\/strong><\/td><\/tr><tr><td>Lundi 24<\/td><td>&#8211;<\/td><td>&#8211;<\/td><\/tr><tr><td>Mardi 25<\/td><td>Tonnay-Charente<\/td><td>18h<\/td><\/tr><tr><td>Mercredi 26<\/td><td>Tonnay-Charente<\/td><td>11h30<\/td><\/tr><tr><td>Jeudi&nbsp;27<\/td><td>R\u00e9sidentiels<\/td><td>15h<\/td><\/tr><tr><td>Vendredi 28<\/td><td>Tonnay-Charente<\/td><td>18h<\/td><\/tr><tr><td>Samedi&nbsp;29<\/td><td>Tonnay-Charente<\/td><td>18h<\/td><\/tr><tr><td>Dimanche 30<\/td><td>Rochefort<\/td><td>11h<\/td><\/tr><\/tbody><\/table><\/figure>\n\n\n\n<p><strong><u>Aum\u00f4nerie<\/u><\/strong>&nbsp;: vendredi 28 de 19-21h au presbyt\u00e8re.<\/p>\n\n\n\n<p><strong><u>Cat\u00e9<\/u><\/strong>&nbsp;: samedi 29 de 10h30-12h au presbyt\u00e8re.<\/p>\n\n\n\n<p><strong>\ud83d\udce2<\/strong><strong> Informations pour le week-end du 29\u201330 novembre<\/strong><\/p>\n\n\n\n<ul class=\"wp-block-list\">\n<li><strong>Samedi 29 novembre<br>Messe anticip\u00e9e \u00e0 18h en l\u2019\u00e9glise de Tonnay-Charente.<\/strong><\/li>\n\n\n\n<li><strong>Dimanche 30 novembre<br>\u00c0 l\u2019occasion de la visite de notre nouvel \u00e9v\u00eaque Monseigneur Pierre-Antoine,<br>Messe du doyenn\u00e9 de Rochefort \u00e0 11h en l\u2019\u00e9glise Saint-Louis de Rochefort.<\/strong><\/li>\n<\/ul>\n\n\n\n<p><strong>\u26a0\ufe0f<\/strong><strong> Attention : Il n\u2019y aura pas de messe \u00e0 Tonnay-Charente ce dimanche.<\/strong><\/p>\n","protected":false},"excerpt":{"rendered":"<p>Date de Messe Lieu Heure Lundi 24 &#8211; &#8211; Mardi 25 Tonnay-Charente 18h Mercredi 26 Tonnay-Charente 11h30 Jeudi&nbsp;27 R\u00e9sidentiels 15h Vendredi 28 Tonnay-Charente 18h Samedi&nbsp;29 Tonnay-Charente 18h Dimanche 30 Rochefort [&hellip;]<\/p>\n","protected":false},"author":84,"featured_media":0,"comment_status":"open","ping_status":"open","sticky":false,"template":"","format":"standard","meta":{"_et_pb_use_builder":"off","_et_pb_old_content":"","_et_gb_content_width":"","footnotes":""},"categories":[6],"tags":[],"class_list":["post-9854","post","type-post","status-publish","format-standard","hentry","category-actualite"],"_links":{"self":[{"href":"https:\/\/catholiques17.fr\/tonnaycharente\/wp-json\/wp\/v2\/posts\/9854","targetHints":{"allow":["GET"]}}],"collection":[{"href":"https:\/\/catholiques17.fr\/tonnaycharente\/wp-json\/wp\/v2\/posts"}],"about":[{"href":"https:\/\/catholiques17.fr\/tonnaycharente\/wp-json\/wp\/v2\/types\/post"}],"author":[{"embeddable":true,"href":"https:\/\/catholiques17.fr\/tonnaycharente\/wp-json\/wp\/v2\/users\/84"}],"replies":[{"embeddable":true,"href":"https:\/\/catholiques17.fr\/tonnaycharente\/wp-json\/wp\/v2\/comments?post=9854"}],"version-history":[{"count":3,"href":"https:\/\/catholiques17.fr\/tonnaycharente\/wp-json\/wp\/v2\/posts\/9854\/revisions"}],"predecessor-version":[{"id":9860,"href":"https:\/\/catholiques17.fr\/tonnaycharente\/wp-json\/wp\/v2\/posts\/9854\/revisions\/9860"}],"wp:attachment":[{"href":"https:\/\/catholiques17.fr\/tonnaycharente\/wp-json\/wp\/v2\/media?parent=9854"}],"wp:term":[{"taxonomy":"category","embeddable":true,"href":"https:\/\/catholiques17.fr\/tonnaycharente\/wp-json\/wp\/v2\/categories?post=9854"},{"taxonomy":"post_tag","embeddable":true,"href":"https:\/\/catholiques17.fr\/tonnaycharente\/wp-json\/wp\/v2\/tags?post=9854"}],"curies":[{"name":"wp","href":"https:\/\/api.w.org\/{rel}","templated":true}]}}