{"id":9845,"date":"2025-11-10T09:50:10","date_gmt":"2025-11-10T08:50:10","guid":{"rendered":"https:\/\/catholiques17.fr\/tonnaycharente\/?p=9845"},"modified":"2025-11-10T09:50:11","modified_gmt":"2025-11-10T08:50:11","slug":"annonces-de-la-semaine-10-16-nov","status":"publish","type":"post","link":"https:\/\/catholiques17.fr\/tonnaycharente\/2025\/11\/10\/annonces-de-la-semaine-10-16-nov\/","title":{"rendered":"Annonces de la semaine 10-16 nov."},"content":{"rendered":"\n<figure class=\"wp-block-table\"><table class=\"has-fixed-layout\"><tbody><tr><td><strong>Date<\/strong><\/td><td><strong>Lieu<\/strong><\/td><td><strong>Heure<\/strong><\/td><\/tr><tr><td>Lundi 10<\/td><td>&#8211;<\/td><td>&#8211;<\/td><\/tr><tr><td>Mardi 11<\/td><td>Tonnay-Charente<\/td><td>18h<\/td><\/tr><tr><td>Mercredi 12<\/td><td>Tonnay-Charente<\/td><td>11h30<\/td><\/tr><tr><td>Jeudi&nbsp;13<\/td><td>Porte du jardin<\/td><td>15h<\/td><\/tr><tr><td>Vendredi 14<\/td><td>Tonnay-Charente<\/td><td>18h<\/td><\/tr><tr><td>Samedi&nbsp;15<\/td><td>Tonnay-Charente<\/td><td>09h30<\/td><\/tr><tr><td>Dimanche 16<\/td><td>Tonnay-Charente<\/td><td>10h30<\/td><\/tr><\/tbody><\/table><\/figure>\n\n\n\n<p><strong><u>Mardi 11 nov<\/u><\/strong>. jour f\u00e9ri\u00e9 de <strong>l\u2019Armistice 1918<\/strong>, nous c\u00e9l\u00e9brons une Messe pour la paix en Europe \u00e0 18h.<\/p>\n\n\n\n<p><strong><u>L\u2019aum\u00f4nerie<\/u><\/strong>&nbsp;: vendredi 14 nov. de 19h-21h au presbyt\u00e8re.<\/p>\n\n\n\n<p><strong><u>Le cat\u00e9<\/u><\/strong>&nbsp;: Samedi 15 nov \u00e0 10h30 au presbyt\u00e8re.<\/p>\n\n\n\n<p><strong><u>Adoration eucharistique<\/u><\/strong><strong>&nbsp;:&nbsp; <\/strong>Samedi 15 nov. \u00e0 9h suivie la Messe.<\/p>\n\n\n\n<p><strong><u>C\u00e9l\u00e9brations des obs\u00e8ques<\/u><\/strong><strong> \u2013 \u00c9glise Saint Pierre de Lussant<\/strong><\/p>\n\n\n\n<ul class=\"wp-block-list\">\n<li><strong>Lundi 10 novembre \u00e0 14h30<\/strong> : Obs\u00e8ques de <strong>Mme. Colette SOLEAU (<\/strong>maman de Jean-Michel SOLEAU-membre de l\u2019\u00e9quipe pastorale<strong>)<\/strong><\/li>\n<\/ul>\n","protected":false},"excerpt":{"rendered":"<p>Date Lieu Heure Lundi 10 &#8211; &#8211; Mardi 11 Tonnay-Charente 18h Mercredi 12 Tonnay-Charente 11h30 Jeudi&nbsp;13 Porte du jardin 15h Vendredi 14 Tonnay-Charente 18h Samedi&nbsp;15 Tonnay-Charente 09h30 Dimanche 16 Tonnay-Charente [&hellip;]<\/p>\n","protected":false},"author":84,"featured_media":0,"comment_status":"open","ping_status":"open","sticky":false,"template":"","format":"standard","meta":{"_et_pb_use_builder":"off","_et_pb_old_content":"","_et_gb_content_width":"","footnotes":""},"categories":[6],"tags":[],"class_list":["post-9845","post","type-post","status-publish","format-standard","hentry","category-actualite"],"_links":{"self":[{"href":"https:\/\/catholiques17.fr\/tonnaycharente\/wp-json\/wp\/v2\/posts\/9845","targetHints":{"allow":["GET"]}}],"collection":[{"href":"https:\/\/catholiques17.fr\/tonnaycharente\/wp-json\/wp\/v2\/posts"}],"about":[{"href":"https:\/\/catholiques17.fr\/tonnaycharente\/wp-json\/wp\/v2\/types\/post"}],"author":[{"embeddable":true,"href":"https:\/\/catholiques17.fr\/tonnaycharente\/wp-json\/wp\/v2\/users\/84"}],"replies":[{"embeddable":true,"href":"https:\/\/catholiques17.fr\/tonnaycharente\/wp-json\/wp\/v2\/comments?post=9845"}],"version-history":[{"count":1,"href":"https:\/\/catholiques17.fr\/tonnaycharente\/wp-json\/wp\/v2\/posts\/9845\/revisions"}],"predecessor-version":[{"id":9846,"href":"https:\/\/catholiques17.fr\/tonnaycharente\/wp-json\/wp\/v2\/posts\/9845\/revisions\/9846"}],"wp:attachment":[{"href":"https:\/\/catholiques17.fr\/tonnaycharente\/wp-json\/wp\/v2\/media?parent=9845"}],"wp:term":[{"taxonomy":"category","embeddable":true,"href":"https:\/\/catholiques17.fr\/tonnaycharente\/wp-json\/wp\/v2\/categories?post=9845"},{"taxonomy":"post_tag","embeddable":true,"href":"https:\/\/catholiques17.fr\/tonnaycharente\/wp-json\/wp\/v2\/tags?post=9845"}],"curies":[{"name":"wp","href":"https:\/\/api.w.org\/{rel}","templated":true}]}}