{"id":9837,"date":"2025-10-25T21:17:11","date_gmt":"2025-10-25T19:17:11","guid":{"rendered":"https:\/\/catholiques17.fr\/tonnaycharente\/?p=9837"},"modified":"2025-11-01T20:25:10","modified_gmt":"2025-11-01T19:25:10","slug":"annonce-semaine-27-oct-02-nov","status":"publish","type":"post","link":"https:\/\/catholiques17.fr\/tonnaycharente\/2025\/10\/25\/annonce-semaine-27-oct-02-nov\/","title":{"rendered":"Annonce semaine du 02 au 09 nov"},"content":{"rendered":"\n<figure class=\"wp-block-table\"><table class=\"has-fixed-layout\"><tbody><tr><td><strong>Date<\/strong><\/td><td><strong>Lieu<\/strong><\/td><td><strong>Heure<\/strong><\/td><\/tr><tr><td>Lundi 03<\/td><td>&#8211;<\/td><td>&#8211;<\/td><\/tr><tr><td>Mardi 04<\/td><td>Tonnay-Charente<\/td><td>18h<\/td><\/tr><tr><td>Mercredi 05<\/td><td>Tonnay-Charente<\/td><td>11h30<\/td><\/tr><tr><td>Jeudi&nbsp;06<\/td><td>Tonnay-Charente<\/td><td>18h<\/td><\/tr><tr><td>Vendredi 07<\/td><td>Tonnay-Charente<\/td><td>18h<\/td><\/tr><tr><td>Samedi&nbsp;08<\/td><td>St Hippolyte<\/td><td>18h<\/td><\/tr><tr><td>Dimanche 09<\/td><td>Tonnay-Charente<\/td><td>10h30<\/td><\/tr><\/tbody><\/table><\/figure>\n\n\n\n<p><strong><u>Pri\u00e8re de louange<\/u><\/strong>&nbsp;: lundi 03 nov \u00e0 20h en l\u2019\u00e9glise Saint-\u00c9tienne, Tonnay-Charente.<\/p>\n\n\n\n<p><strong><u>Pr\u00e9paration au sacrement du mariage<\/u><\/strong><strong>&nbsp;: <\/strong>vendredi 07 nov \u00e0 20h30 au presbyt\u00e8re de Tonnay-Charente.<\/p>\n\n\n\n<p><strong><u>Messe anticip\u00e9e<\/u><\/strong> le Samedi 08 nov soir \u00e0 St Hippolyte \u00e0 18h.<\/p>\n\n\n\n<p><strong><u>Le cat\u00e9chum\u00e9nat<\/u><\/strong>&nbsp;: Samedi 08 nov \u00e0 10h30 au presbyt\u00e8re.<\/p>\n\n\n\n<p><strong><u>L\u2019\u00e9veil \u00e0 la foi&nbsp;<\/u><\/strong>: Samedi 08 nov \u00e0 11h au presbyt\u00e8re pour les enfants de 3-6 ans.<\/p>\n\n\n\n<p><strong><u>&nbsp;C\u00e9l\u00e9bration des Saints <\/u><\/strong>\ud83d\udc67\ud83d\udc66 Pour les \u00e9coliers de Sainte-Anne, jeudi 6 novembre \u00e0 10h30 en l\u2019\u00e9glise Saint-\u00c9tienne, Tonnay-Charente.<\/p>\n\n\n\n<p><strong><u>Obs\u00e8ques&nbsp;: <\/u><\/strong><strong>C\u00e9l\u00e9brations des obs\u00e8ques \u2013 \u00c9glise Saint-\u00c9tienne de Tonnay-Charente<\/strong><\/p>\n\n\n\n<ul class=\"wp-block-list\">\n<li><strong>Vendredi 07 novembre \u00e0 9h30<\/strong> : Obs\u00e8ques de <strong>M. Didier BOISSERIE<\/strong><\/li>\n<\/ul>\n\n\n\n<p><strong>\u00ab\u00a0<u>Papotes Mamans\u00a0\u00bb organis\u00e9 par l\u2019AFC Rochefort<\/u>, <\/strong>un moment simple et chaleureux pour toutes les mamans, des plus jeunes aux grands-m\u00e8res, un temps pour souffler, pour papoter, pour partager. Un rendez-vous convivial, pour \u00e9changer autour d&rsquo;un th\u00e9, caf\u00e9, tisane, en toute simplicit\u00e9 et bienveillance.&nbsp;<\/p>\n\n\n\n<p>Les b\u00e9b\u00e9s sont les bienvenus.<\/p>\n\n\n\n<p>La premi\u00e8re rencontre est<strong> le&nbsp;mardi 4 novembre de 9h \u00e0 10h.&nbsp;Chez les s\u0153urs ursulines de J\u00e9sus au 65 bis rue Voltaire \u00e0 Rochefort.&nbsp;(entr\u00e9e par la cour).<\/strong><\/p>\n\n\n\n<p><strong>NB&nbsp;: En raison du passage \u00e0 l\u2019heure d\u2019hiver, l\u2019horaire de la Messe du soir en semaine est modifi\u00e9. Il sera \u00e0 18h.<\/strong><\/p>\n\n\n\n<p><\/p>\n\n\n\n<p><\/p>\n","protected":false},"excerpt":{"rendered":"<p>Date Lieu Heure Lundi 03 &#8211; &#8211; Mardi 04 Tonnay-Charente 18h Mercredi 05 Tonnay-Charente 11h30 Jeudi&nbsp;06 Tonnay-Charente 18h Vendredi 07 Tonnay-Charente 18h Samedi&nbsp;08 St Hippolyte 18h Dimanche 09 Tonnay-Charente 10h30 [&hellip;]<\/p>\n","protected":false},"author":84,"featured_media":0,"comment_status":"open","ping_status":"open","sticky":false,"template":"","format":"standard","meta":{"_et_pb_use_builder":"off","_et_pb_old_content":"","_et_gb_content_width":"","footnotes":""},"categories":[6],"tags":[],"class_list":["post-9837","post","type-post","status-publish","format-standard","hentry","category-actualite"],"_links":{"self":[{"href":"https:\/\/catholiques17.fr\/tonnaycharente\/wp-json\/wp\/v2\/posts\/9837","targetHints":{"allow":["GET"]}}],"collection":[{"href":"https:\/\/catholiques17.fr\/tonnaycharente\/wp-json\/wp\/v2\/posts"}],"about":[{"href":"https:\/\/catholiques17.fr\/tonnaycharente\/wp-json\/wp\/v2\/types\/post"}],"author":[{"embeddable":true,"href":"https:\/\/catholiques17.fr\/tonnaycharente\/wp-json\/wp\/v2\/users\/84"}],"replies":[{"embeddable":true,"href":"https:\/\/catholiques17.fr\/tonnaycharente\/wp-json\/wp\/v2\/comments?post=9837"}],"version-history":[{"count":2,"href":"https:\/\/catholiques17.fr\/tonnaycharente\/wp-json\/wp\/v2\/posts\/9837\/revisions"}],"predecessor-version":[{"id":9844,"href":"https:\/\/catholiques17.fr\/tonnaycharente\/wp-json\/wp\/v2\/posts\/9837\/revisions\/9844"}],"wp:attachment":[{"href":"https:\/\/catholiques17.fr\/tonnaycharente\/wp-json\/wp\/v2\/media?parent=9837"}],"wp:term":[{"taxonomy":"category","embeddable":true,"href":"https:\/\/catholiques17.fr\/tonnaycharente\/wp-json\/wp\/v2\/categories?post=9837"},{"taxonomy":"post_tag","embeddable":true,"href":"https:\/\/catholiques17.fr\/tonnaycharente\/wp-json\/wp\/v2\/tags?post=9837"}],"curies":[{"name":"wp","href":"https:\/\/api.w.org\/{rel}","templated":true}]}}