{"id":9794,"date":"2025-09-24T18:12:30","date_gmt":"2025-09-24T16:12:30","guid":{"rendered":"https:\/\/catholiques17.fr\/tonnaycharente\/?p=9794"},"modified":"2025-09-29T16:04:48","modified_gmt":"2025-09-29T14:04:48","slug":"notre-paroisse-lance-son-annee-dans-la-joie","status":"publish","type":"post","link":"https:\/\/catholiques17.fr\/tonnaycharente\/2025\/09\/24\/notre-paroisse-lance-son-annee-dans-la-joie\/","title":{"rendered":"Notre paroisse lance son ann\u00e9e dans la joie"},"content":{"rendered":"\n<div style=\"height:61px\" aria-hidden=\"true\" class=\"wp-block-spacer\"><\/div>\n\n\n\n<p><strong>Le dimanche 21 septembre<\/strong>, la communaut\u00e9 paroissiale s\u2019est r\u00e9unie en nombre pour r\u00e9pondre \u00e0 l\u2019invitation du cur\u00e9 \u00e0 participer \u00e0 la messe de rentr\u00e9e. Ce moment fort marque le d\u00e9but d\u2019une nouvelle ann\u00e9e pastorale, plac\u00e9e sous le signe de l\u2019engagement et de la communion.<\/p>\n\n\n\n<div style=\"height:27px\" aria-hidden=\"true\" class=\"wp-block-spacer\"><\/div>\n\n\n\n<p><strong>Une c\u00e9l\u00e9bration vivante et priante<br><\/strong>La messe fut magnifiquement anim\u00e9e par les chanteurs et musiciens de la paroisse, dont les voix et les instruments ont port\u00e9 les fid\u00e8les dans une atmosph\u00e8re de pri\u00e8re profonde et de louange joyeuse. L\u2019assembl\u00e9e, unie dans la foi, a v\u00e9cu un temps de gr\u00e2ce, rythm\u00e9 par les chants, les lectures et les gestes liturgiques.<\/p>\n\n\n\n<div style=\"height:27px\" aria-hidden=\"true\" class=\"wp-block-spacer\"><\/div>\n\n\n\n<p><strong>Des b\u00e9n\u00e9dictions pour tous les chemins de vie<br><\/strong>Cette rentr\u00e9e spirituelle a \u00e9t\u00e9 l\u2019occasion de confier \u00e0 Dieu les nombreux parcours qui s\u2019ouvrent :<\/p>\n\n\n\n<ul class=\"wp-block-list\">\n<li>Des parents ont demand\u00e9 le bapt\u00eame pour leur enfant, signe de leur d\u00e9sir de transmettre la foi.<\/li>\n\n\n\n<li>Les jeunes du cat\u00e9chisme ont \u00e9t\u00e9 envoy\u00e9s pour grandir dans la connaissance du Christ.<\/li>\n\n\n\n<li>Des adultes cheminent vers les sacrements de l\u2019initiation chr\u00e9tienne, avec courage et esp\u00e9rance.<\/li>\n\n\n\n<li>Les futurs mari\u00e9s ont re\u00e7u la b\u00e9n\u00e9diction pour leur engagement \u00e0 venir.<\/li>\n\n\n\n<li>Les \u00e9quipes de service paroissial ont \u00e9t\u00e9 envoy\u00e9es en mission, soutenues par la pri\u00e8re de toute la communaut\u00e9.<\/li>\n<\/ul>\n\n\n\n<p>Tous sont repartis le c\u0153ur rempli, confiants d\u2019avoir re\u00e7u la force de l\u2019Esprit Saint pour avancer sur le chemin de la foi, chacun selon sa vocation.<\/p>\n\n\n\n<div style=\"height:27px\" aria-hidden=\"true\" class=\"wp-block-spacer\"><\/div>\n\n\n\n<figure class=\"wp-block-image aligncenter size-full is-resized\"><img loading=\"lazy\" decoding=\"async\" width=\"800\" height=\"360\" src=\"https:\/\/catholiques17.fr\/tonnaycharente\/wp-content\/uploads\/sites\/47\/2025\/09\/WhatsApp-Image-2025-09-24-at-16.39.01_8d12bf21.jpg\" alt=\"\" class=\"wp-image-9779\" style=\"width:651px;height:auto\" srcset=\"https:\/\/catholiques17.fr\/tonnaycharente\/wp-content\/uploads\/sites\/47\/2025\/09\/WhatsApp-Image-2025-09-24-at-16.39.01_8d12bf21.jpg 800w, https:\/\/catholiques17.fr\/tonnaycharente\/wp-content\/uploads\/sites\/47\/2025\/09\/WhatsApp-Image-2025-09-24-at-16.39.01_8d12bf21-480x216.jpg 480w\" sizes=\"(min-width: 0px) and (max-width: 480px) 480px, (min-width: 481px) 800px, 100vw\" \/><\/figure>\n\n\n\n<div style=\"height:27px\" aria-hidden=\"true\" class=\"wp-block-spacer\"><\/div>\n\n\n\n<p><strong>Un repas fraternel malgr\u00e9 les caprices du ciel<br><\/strong>Apr\u00e8s la messe, les paroissiens se sont retrouv\u00e9s dans le jardin, soigneusement entretenu par monsieur le cur\u00e9, pour partager un repas fraternel. Les plats, riches de saveurs et de cultures diverses, ont r\u00e9joui les papilles et nourri les \u00e9changes. Quelques gouttes de pluie sont venues b\u00e9nir ce moment, comme le soulignait une paroissienne : <em>\u00ab C\u2019est une b\u00e9n\u00e9diction divine, nous avons encore plus besoin de la gr\u00e2ce de Dieu. \u00bb<\/em><\/p>\n\n\n\n<div style=\"height:27px\" aria-hidden=\"true\" class=\"wp-block-spacer\"><\/div>\n\n\n\n<figure class=\"wp-block-image aligncenter size-full is-resized\"><img loading=\"lazy\" decoding=\"async\" width=\"800\" height=\"600\" src=\"https:\/\/catholiques17.fr\/tonnaycharente\/wp-content\/uploads\/sites\/47\/2025\/09\/entree-1.jpg\" alt=\"\" class=\"wp-image-9784\" style=\"width:656px;height:auto\" srcset=\"https:\/\/catholiques17.fr\/tonnaycharente\/wp-content\/uploads\/sites\/47\/2025\/09\/entree-1.jpg 800w, https:\/\/catholiques17.fr\/tonnaycharente\/wp-content\/uploads\/sites\/47\/2025\/09\/entree-1-480x360.jpg 480w\" sizes=\"(min-width: 0px) and (max-width: 480px) 480px, (min-width: 481px) 800px, 100vw\" \/><\/figure>\n\n\n\n<div style=\"height:27px\" aria-hidden=\"true\" class=\"wp-block-spacer\"><\/div>\n\n\n\n<p><strong>La pluie, source de joie et de danse<br><\/strong>L\u2019averse n\u2019a en rien entam\u00e9 la bonne humeur : elle a m\u00eame \u00e9t\u00e9 l\u2019occasion d\u2019improviser des chants et des danses dans la salle am\u00e9nag\u00e9e pour les jeunes. Petits et grands ont profit\u00e9 de cette ambiance festive, preuve que la joie chr\u00e9tienne sait s\u2019adapter et rayonner en toutes circonstances.<\/p>\n\n\n\n<div style=\"height:27px\" aria-hidden=\"true\" class=\"wp-block-spacer\"><\/div>\n\n\n\n<figure class=\"wp-block-image aligncenter size-full is-resized\"><img loading=\"lazy\" decoding=\"async\" width=\"800\" height=\"600\" src=\"https:\/\/catholiques17.fr\/tonnaycharente\/wp-content\/uploads\/sites\/47\/2025\/09\/WhatsApp-Image-2025-09-24-at-17.49.16_939e5fc9.jpg\" alt=\"\" class=\"wp-image-9787\" style=\"width:663px;height:auto\" srcset=\"https:\/\/catholiques17.fr\/tonnaycharente\/wp-content\/uploads\/sites\/47\/2025\/09\/WhatsApp-Image-2025-09-24-at-17.49.16_939e5fc9.jpg 800w, https:\/\/catholiques17.fr\/tonnaycharente\/wp-content\/uploads\/sites\/47\/2025\/09\/WhatsApp-Image-2025-09-24-at-17.49.16_939e5fc9-480x360.jpg 480w\" sizes=\"(min-width: 0px) and (max-width: 480px) 480px, (min-width: 481px) 800px, 100vw\" \/><\/figure>\n\n\n\n<div style=\"height:27px\" aria-hidden=\"true\" class=\"wp-block-spacer\"><\/div>\n\n\n\n<p>\ud83d\udc9b Merci \u00e0 tous !<br>Un immense merci \u00e0 chacun et \u00e0 chacune pour votre pr\u00e9sence, votre engagement et votre g\u00e9n\u00e9rosit\u00e9. Gr\u00e2ce \u00e0 vous, cette rentr\u00e9e paroissiale s\u2019est d\u00e9roul\u00e9e dans la joie, l\u2019esp\u00e9rance et la fraternit\u00e9. Que cette ann\u00e9e soit f\u00e9conde en rencontres, en pri\u00e8res et en projets port\u00e9s ensemble !<\/p>\n\n\n\n<div style=\"height:27px\" aria-hidden=\"true\" class=\"wp-block-spacer\"><\/div>\n\n\n\n<figure class=\"wp-block-image aligncenter size-full is-resized\"><img loading=\"lazy\" decoding=\"async\" width=\"800\" height=\"360\" src=\"https:\/\/catholiques17.fr\/tonnaycharente\/wp-content\/uploads\/sites\/47\/2025\/09\/WhatsApp-Image-2025-09-24-at-16.38.58_9fdc38d8.jpg\" alt=\"\" class=\"wp-image-9781\" style=\"width:668px;height:auto\" srcset=\"https:\/\/catholiques17.fr\/tonnaycharente\/wp-content\/uploads\/sites\/47\/2025\/09\/WhatsApp-Image-2025-09-24-at-16.38.58_9fdc38d8.jpg 800w, https:\/\/catholiques17.fr\/tonnaycharente\/wp-content\/uploads\/sites\/47\/2025\/09\/WhatsApp-Image-2025-09-24-at-16.38.58_9fdc38d8-480x216.jpg 480w\" sizes=\"(min-width: 0px) and (max-width: 480px) 480px, (min-width: 481px) 800px, 100vw\" \/><\/figure>\n\n\n\n<figure class=\"wp-block-image aligncenter size-full is-resized\"><img loading=\"lazy\" decoding=\"async\" width=\"800\" height=\"360\" src=\"https:\/\/catholiques17.fr\/tonnaycharente\/wp-content\/uploads\/sites\/47\/2025\/09\/WhatsApp-Image-2025-09-24-at-16.39.01_8d12bf21.jpg\" alt=\"\" class=\"wp-image-9779\" style=\"width:669px;height:auto\" srcset=\"https:\/\/catholiques17.fr\/tonnaycharente\/wp-content\/uploads\/sites\/47\/2025\/09\/WhatsApp-Image-2025-09-24-at-16.39.01_8d12bf21.jpg 800w, https:\/\/catholiques17.fr\/tonnaycharente\/wp-content\/uploads\/sites\/47\/2025\/09\/WhatsApp-Image-2025-09-24-at-16.39.01_8d12bf21-480x216.jpg 480w\" sizes=\"(min-width: 0px) and (max-width: 480px) 480px, (min-width: 481px) 800px, 100vw\" \/><\/figure>\n\n\n\n<div style=\"height:70px\" aria-hidden=\"true\" class=\"wp-block-spacer\"><\/div>\n","protected":false},"excerpt":{"rendered":"<p>Le dimanche 21 septembre, la communaut\u00e9 paroissiale s\u2019est r\u00e9unie en nombre pour r\u00e9pondre \u00e0 l\u2019invitation du cur\u00e9 \u00e0 participer \u00e0 la messe de rentr\u00e9e. Ce moment fort marque le d\u00e9but [&hellip;]<\/p>\n","protected":false},"author":84,"featured_media":9649,"comment_status":"open","ping_status":"open","sticky":false,"template":"","format":"standard","meta":{"_et_pb_use_builder":"off","_et_pb_old_content":"","_et_gb_content_width":"","footnotes":""},"categories":[6],"tags":[],"class_list":["post-9794","post","type-post","status-publish","format-standard","has-post-thumbnail","hentry","category-actualite"],"_links":{"self":[{"href":"https:\/\/catholiques17.fr\/tonnaycharente\/wp-json\/wp\/v2\/posts\/9794","targetHints":{"allow":["GET"]}}],"collection":[{"href":"https:\/\/catholiques17.fr\/tonnaycharente\/wp-json\/wp\/v2\/posts"}],"about":[{"href":"https:\/\/catholiques17.fr\/tonnaycharente\/wp-json\/wp\/v2\/types\/post"}],"author":[{"embeddable":true,"href":"https:\/\/catholiques17.fr\/tonnaycharente\/wp-json\/wp\/v2\/users\/84"}],"replies":[{"embeddable":true,"href":"https:\/\/catholiques17.fr\/tonnaycharente\/wp-json\/wp\/v2\/comments?post=9794"}],"version-history":[{"count":4,"href":"https:\/\/catholiques17.fr\/tonnaycharente\/wp-json\/wp\/v2\/posts\/9794\/revisions"}],"predecessor-version":[{"id":9814,"href":"https:\/\/catholiques17.fr\/tonnaycharente\/wp-json\/wp\/v2\/posts\/9794\/revisions\/9814"}],"wp:featuredmedia":[{"embeddable":true,"href":"https:\/\/catholiques17.fr\/tonnaycharente\/wp-json\/wp\/v2\/media\/9649"}],"wp:attachment":[{"href":"https:\/\/catholiques17.fr\/tonnaycharente\/wp-json\/wp\/v2\/media?parent=9794"}],"wp:term":[{"taxonomy":"category","embeddable":true,"href":"https:\/\/catholiques17.fr\/tonnaycharente\/wp-json\/wp\/v2\/categories?post=9794"},{"taxonomy":"post_tag","embeddable":true,"href":"https:\/\/catholiques17.fr\/tonnaycharente\/wp-json\/wp\/v2\/tags?post=9794"}],"curies":[{"name":"wp","href":"https:\/\/api.w.org\/{rel}","templated":true}]}}