{"id":9286,"date":"2025-09-06T11:21:52","date_gmt":"2025-09-06T09:21:52","guid":{"rendered":"https:\/\/catholiques17.fr\/tonnaycharente\/?p=9286"},"modified":"2025-09-08T09:36:33","modified_gmt":"2025-09-08T07:36:33","slug":"deux-nouveaux-jeunes-saints-pour-leglise-catholique","status":"publish","type":"post","link":"https:\/\/catholiques17.fr\/tonnaycharente\/2025\/09\/06\/deux-nouveaux-jeunes-saints-pour-leglise-catholique\/","title":{"rendered":"Deux nouveaux jeunes saints pour l&rsquo;Eglise catholique !"},"content":{"rendered":"\n<div style=\"height:61px\" aria-hidden=\"true\" class=\"wp-block-spacer\"><\/div>\n\n\n\n<p><strong>Le dimanche 7 septembre 2025, Rome accueillera un \u00e9v\u00e9nement majeur pour l\u2019\u00c9glise universelle : la canonisation conjointe de Carlo Acutis et Pier Giorgio Frassati. Ce moment tr\u00e8s attendu r\u00e9unira des milliers de p\u00e8lerins, jeunes, familles et communaut\u00e9s, venus du monde entier pour c\u00e9l\u00e9brer la saintet\u00e9 de deux figures profond\u00e9ment modernes.<\/strong><\/p>\n\n\n\n<p>Initialement pr\u00e9vue en avril, puis report\u00e9e en raison du d\u00e9c\u00e8s du pape Fran\u00e7ois le 21 avril 2025, la c\u00e9r\u00e9monie a finalement \u00e9t\u00e9 fix\u00e9e en ce d\u00e9but du mois de septembre.<\/p>\n\n\n\n<p>Cette canonisation s\u2019inscrit dans une ann\u00e9e tr\u00e8s particuli\u00e8re : le Jubil\u00e9 de l\u2019Esp\u00e9rance, ouvert \u00e0 Rome le 24 d\u00e9cembre 2024. Proclam\u00e9 tous les 25 ans (le dernier ayant eu lieu en 2000), ce Jubil\u00e9 reprend une tradition instaur\u00e9e en 1300 par le pape Boniface VIII. Il invite les chr\u00e9tiens \u00e0 se convertir, \u00e0 vivre la mis\u00e9ricorde et \u00e0 recevoir les gr\u00e2ces exceptionnelles li\u00e9es au passage de la Porte Sainte. Des millions de p\u00e8lerins sont attendus \u00e0 Rome tout au long de l\u2019ann\u00e9e 2025 pour vivre cette exp\u00e9rience spirituelle unique.<\/p>\n\n\n\n<div style=\"height:45px\" aria-hidden=\"true\" class=\"wp-block-spacer\"><\/div>\n\n\n\n<h3 class=\"wp-block-heading\">Un chemin vers la saintet\u00e9 : foi, miracles et pri\u00e8re<\/h3>\n\n\n\n<p>Carlo Acutis et Pier Giorgio Frassati ont tous deux \u00e9t\u00e9 d\u00e9clar\u00e9s v\u00e9n\u00e9rables apr\u00e8s la reconnaissance de leur t\u00e9moignage de foi exceptionnel. Un premier miracle reconnu par le Vatican a permis leur b\u00e9atification (en 1990 pour Frassati, en 2020 pour Acutis). Un second miracle, survenu respectivement en novembre 2024 (Frassati) et mai 2024 (Acutis), a conduit \u00e0 leur canonisation. Ces miracles, soigneusement \u00e9tudi\u00e9s par l\u2019\u00c9glise, sont des signes tangibles de leur intercession aupr\u00e8s de Dieu. Derri\u00e8re le processus officiel \u2013 souvent long, minutieux, et en partie administratif \u2013 c\u2019est toute une communaut\u00e9 de croyants qui prie, esp\u00e8re, et t\u00e9moigne.<\/p>\n\n\n\n<div style=\"height:45px\" aria-hidden=\"true\" class=\"wp-block-spacer\"><\/div>\n\n\n\n<h3 class=\"wp-block-heading\">\u00ab&nbsp;Aspirez \u00e0 de grandes choses&nbsp;\u00bb \u2013 Un appel du pape L\u00e9on XIV<\/h3>\n\n\n\n<p>En juillet 2025, lors du Jubil\u00e9 des Jeunes \u00e0 Tor Vergata (Rome), le pape L\u00e9on XIV s\u2019est adress\u00e9 avec force aux jeunes rassembl\u00e9s : <em>\u00ab&nbsp;Tr\u00e8s chers jeunes, notre esp\u00e9rance, c\u2019est J\u00e9sus. C\u2019est Lui, comme le disait saint Jean-Paul II, \u201cqui suscite en vous le d\u00e9sir de faire de votre vie quelque chose de grand [\u2026], pour vous rendre meilleurs, pour am\u00e9liorer la soci\u00e9t\u00e9, en la rendant plus humaine et plus fraternelle.\u201d<\/em><\/p>\n\n\n\n<p>\u00ab&nbsp;<em>Restons unis \u00e0 Lui, restons dans son amiti\u00e9, toujours, en la cultivant par la pri\u00e8re, l\u2019adoration, la communion eucharistique, la confession fr\u00e9quente, la charit\u00e9 g\u00e9n\u00e9reuse, comme nous l\u2019ont enseign\u00e9 les bienheureux Pier Giorgio Frassati et Carlo Acutis, qui seront bient\u00f4t proclam\u00e9s saints. <strong>Aspirez \u00e0 de grandes choses, \u00e0 la saintet\u00e9, o\u00f9 que vous soyez. Ne vous contentez pas de moins.<\/strong> Vous verrez alors grandir chaque jour, en vous et autour de vous, la lumi\u00e8re de l\u2019\u00c9vangile. \u00bb<\/em><\/p>\n\n\n\n<div style=\"height:110px\" aria-hidden=\"true\" class=\"wp-block-spacer\"><\/div>\n\n\n\n<div class=\"wp-block-columns is-layout-flex wp-container-core-columns-is-layout-9d6595d7 wp-block-columns-is-layout-flex\">\n<div class=\"wp-block-column is-layout-flow wp-block-column-is-layout-flow\" style=\"flex-basis:33.33%\">\n<figure class=\"wp-block-image size-full\"><img loading=\"lazy\" decoding=\"async\" width=\"474\" height=\"800\" src=\"https:\/\/catholiques17.fr\/tonnaycharente\/wp-content\/uploads\/sites\/47\/2024\/11\/foto_018.jpg\" alt=\"\" class=\"wp-image-9723\" style=\"aspect-ratio:2\/3;object-fit:cover\" srcset=\"https:\/\/catholiques17.fr\/tonnaycharente\/wp-content\/uploads\/sites\/47\/2024\/11\/foto_018.jpg 474w, https:\/\/catholiques17.fr\/tonnaycharente\/wp-content\/uploads\/sites\/47\/2024\/11\/foto_018-178x300.jpg 178w\" sizes=\"(max-width: 474px) 100vw, 474px\" \/><\/figure>\n<\/div>\n\n\n\n<div class=\"wp-block-column is-layout-flow wp-block-column-is-layout-flow\" style=\"flex-basis:66.66%\">\n<p><strong>Carlo Acutis \u2013 Le geek de Dieu<\/strong><\/p>\n\n\n\n<p><\/p>\n\n\n\n<p>Carlo Acutis, n\u00e9 en 1991 en Angleterre et \u00e9lev\u00e9 \u00e0 Milan, a marqu\u00e9 son \u00e9poque par sa foi ardente et sa passion pour l\u2019informatique. D\u00e8s son plus jeune \u00e2ge, il d\u00e9veloppe une relation intime avec Dieu, au point d\u2019obtenir une d\u00e9rogation pour faire sa premi\u00e8re communion plus t\u00f4t que pr\u00e9vu. Convaincu que \u00ab l\u2019eucharistie est l\u2019autoroute vers le ciel \u00bb, il assiste \u00e0 la messe tous les jours et consacre son savoir-faire technologique \u00e0 l\u2019\u00e9vang\u00e9lisation.<\/p>\n\n\n\n<p>Cr\u00e9ateur de sites internet et de contenus num\u00e9riques, Carlo met ses comp\u00e9tences au service de l\u2019\u00c9glise, notamment en d\u00e9veloppant un site sur les miracles eucharistiques. En 2006, il est atteint d\u2019une leuc\u00e9mie foudroyante et meurt \u00e0 seulement 15 ans, laissant derri\u00e8re lui un t\u00e9moignage lumineux de foi, de simplicit\u00e9 et de modernit\u00e9.<\/p>\n\n\n\n<p>Il est b\u00e9atifi\u00e9 en 2020 apr\u00e8s la reconnaissance d\u2019un premier miracle. En mai 2024, un second miracle est confirm\u00e9 : une jeune fille gu\u00e9rit sans s\u00e9quelles d\u2019une chute grave, apr\u00e8s avoir \u00e9t\u00e9 confi\u00e9e \u00e0 l\u2019intercession de Carlo.<a href=\"https:\/\/www.vaticannews.va\/fr\/podcast\/les-dossiers-de-la-redaction\/2024\/07\/carlo-acutis-la-saintete-au-quotidien.html\"><\/a><\/p>\n<\/div>\n<\/div>\n\n\n\n<div style=\"height:54px\" aria-hidden=\"true\" class=\"wp-block-spacer\"><\/div>\n\n\n\n<div class=\"wp-block-columns is-layout-flex wp-container-core-columns-is-layout-9d6595d7 wp-block-columns-is-layout-flex\">\n<div class=\"wp-block-column is-layout-flow wp-block-column-is-layout-flow\" style=\"flex-basis:33.33%\">\n<figure class=\"wp-block-image size-full\"><img loading=\"lazy\" decoding=\"async\" width=\"480\" height=\"795\" src=\"https:\/\/catholiques17.fr\/tonnaycharente\/wp-content\/uploads\/sites\/47\/2024\/11\/800px-PierGiorgioFrassati-Presentation-480x795-1.jpg\" alt=\"\" class=\"wp-image-9724\" style=\"aspect-ratio:2\/3;object-fit:cover\" srcset=\"https:\/\/catholiques17.fr\/tonnaycharente\/wp-content\/uploads\/sites\/47\/2024\/11\/800px-PierGiorgioFrassati-Presentation-480x795-1.jpg 480w, https:\/\/catholiques17.fr\/tonnaycharente\/wp-content\/uploads\/sites\/47\/2024\/11\/800px-PierGiorgioFrassati-Presentation-480x795-1-181x300.jpg 181w\" sizes=\"(max-width: 480px) 100vw, 480px\" \/><\/figure>\n<\/div>\n\n\n\n<div class=\"wp-block-column is-layout-flow wp-block-column-is-layout-flow\" style=\"flex-basis:66.66%\">\n<p><strong>Pier Giorgio Frassati \u2013 Un mod\u00e8le de charit\u00e9 au service des plus pauvres<\/strong><\/p>\n\n\n\n<p><\/p>\n\n\n\n<p>N\u00e9 en 1901 \u00e0 Turin, Pier Giorgio Frassati \u00e9tait un jeune homme passionn\u00e9 d\u2019alpinisme, engag\u00e9 dans l\u2019Action catholique. Derri\u00e8re ce visage joyeux et sportif, se cachait une profonde vie de foi et un engagement total aupr\u00e8s des plus d\u00e9munis. Il consacra son temps et son argent \u00e0 venir en aide aux pauvres de sa ville : distribution de nourriture, de bois de chauffage, achat de m\u00e9dicaments\u2026 Toujours discret, il agissait dans l\u2019ombre, avec humilit\u00e9 et un sourire constant.<\/p>\n\n\n\n<p>Il s\u2019\u00e9teint brusquement \u00e0 l\u2019\u00e2ge de 24 ans, emport\u00e9 par une poliomy\u00e9lite fulgurante. Lors de ses fun\u00e9railles, des centaines de pauvres, qu\u2019il avait aid\u00e9s dans le secret, viennent lui rendre hommage \u2014 r\u00e9v\u00e9lant \u00e0 sa famille l\u2019ampleur de sa g\u00e9n\u00e9rosit\u00e9 silencieuse.<\/p>\n\n\n\n<p>Un premier miracle attribu\u00e9 \u00e0 son intercession est reconnu dans les ann\u00e9es 1930, et Pier Giorgio est b\u00e9atifi\u00e9 par le pape Jean-Paul II en 1990. En novembre 2024, un second miracle est valid\u00e9 : la gu\u00e9rison inexpliqu\u00e9e d\u2019un jeune Am\u00e9ricain sorti indemne d\u2019un coma profond apr\u00e8s une chute grave.<\/p>\n<\/div>\n<\/div>\n\n\n\n<div style=\"height:52px\" aria-hidden=\"true\" class=\"wp-block-spacer\"><\/div>\n","protected":false},"excerpt":{"rendered":"<p>Le dimanche 7 septembre 2025, Rome accueillera un \u00e9v\u00e9nement majeur pour l\u2019\u00c9glise universelle : la canonisation conjointe de Carlo Acutis et Pier Giorgio Frassati. Ce moment tr\u00e8s attendu r\u00e9unira des [&hellip;]<\/p>\n","protected":false},"author":4,"featured_media":9289,"comment_status":"open","ping_status":"open","sticky":false,"template":"","format":"standard","meta":{"_et_pb_use_builder":"off","_et_pb_old_content":"<!-- wp:spacer {\"height\":\"61px\"} -->\n<div style=\"height:61px\" aria-hidden=\"true\" class=\"wp-block-spacer\"><\/div>\n<!-- \/wp:spacer -->\n\n<!-- wp:paragraph -->\n<p>A l'occasion de la journ\u00e9e mondiale des droits des enfants ce mercredi 20 novembre,  le Pape Fran\u00e7ois a annonc\u00e9 lors de l\u2019audience g\u00e9n\u00e9rale  la canonisation durant le Jubil\u00e9 2025 de deux jeunes la\u00efcs italiens : Carlo Acutis et Pier Giorgio Frassati.<\/p>\n<!-- \/wp:paragraph -->\n\n<!-- wp:spacer {\"height\":\"42px\"} -->\n<div style=\"height:42px\" aria-hidden=\"true\" class=\"wp-block-spacer\"><\/div>\n<!-- \/wp:spacer -->\n\n<!-- wp:quote -->\n<blockquote class=\"wp-block-quote\"><!-- wp:paragraph -->\n<p>\u00ab<em>Je voudrais dire que l\u2019ann\u00e9e prochaine lors de la Journ\u00e9e des enfants et des adolescents je canoniserai le bienheureux Carlo Acutis et, lors de la Journ\u00e9e des jeunes, toujours l\u2019an prochain, je canoniserai le bienheureux Pier Giorgio Frassati<\/em><\/p>\n<!-- \/wp:paragraph --><cite>Fran\u00e7ois, 20\/11\/2024<\/cite><\/blockquote>\n<!-- \/wp:quote -->\n\n<!-- wp:spacer {\"height\":\"35px\"} -->\n<div style=\"height:35px\" aria-hidden=\"true\" class=\"wp-block-spacer\"><\/div>\n<!-- \/wp:spacer -->\n\n<!-- wp:paragraph -->\n<p><strong>Carlo Acutis :<\/strong><\/p>\n<!-- \/wp:paragraph -->\n\n<!-- wp:paragraph -->\n<p>Surnomm\u00e9 le\u00a0<em>\u00abgeek de J\u00e9sus<\/em>\u00bb, Carlo Acutis, d\u00e8s son plus jeune \u00e2ge, a ouvert la voie d\u2019une \u00e9vang\u00e9lisation sur internet. Il y avait mis sa cr\u00e9ativit\u00e9 \u00e0 l\u2019\u0153uvre avec son exposition sur les miracles eucharistiques. Sa future canonisation fait suite \u00e0 un miracle en Juillet 2022 : une femme originaire du Costa Rica prie pour son intercession \u00e0 Assise, sa fille est en train de mourir des suites d\u2019un accident. Le jour-m\u00eame, la jeune femme recommence \u00e0 respirer, ... une gu\u00e9rison fulgurante !<a href=\"https:\/\/www.vaticannews.va\/fr\/podcast\/les-dossiers-de-la-redaction\/2024\/07\/carlo-acutis-la-saintete-au-quotidien.html\"><\/a><\/p>\n<!-- \/wp:paragraph -->\n\n<!-- wp:spacer {\"height\":\"62px\"} -->\n<div style=\"height:62px\" aria-hidden=\"true\" class=\"wp-block-spacer\"><\/div>\n<!-- \/wp:spacer -->\n\n<!-- wp:paragraph -->\n<p><strong>Pier Giorgio Frassati :<\/strong><\/p>\n<!-- \/wp:paragraph -->\n\n<!-- wp:spacer {\"height\":\"31px\"} -->\n<div style=\"height:31px\" aria-hidden=\"true\" class=\"wp-block-spacer\"><\/div>\n<!-- \/wp:spacer -->\n\n<!-- wp:paragraph -->\n<p>Issu d'une famille ais\u00e9e d\u2019intellectuels, \u00ab<em>sa vocation de la\u00efc chr\u00e9tien se r\u00e9alisait \u00e0 travers ses multiples engagements associatifs et politiques, dans une soci\u00e9t\u00e9 en pleine fermentation, indiff\u00e9rente, voire hostile \u00e0 l\u2019\u00c9glise<\/em>\u00bb, affirma saint Jean-Paul II lors de sa b\u00e9atification en mai 1990. L\u2019adh\u00e9sion \u00e0 l\u2019\u00c9vangile du jeune homme n\u00e9 en 1901 se traduit en une ardente charit\u00e9, une attention aimante envers les pauvres et les n\u00e9cessiteux. C\u2019est d\u2019ailleurs lors de l'une de ses visites aux pauvres, qu\u2019il contracte la poliomy\u00e9lite dont il mourra en juillet 1925.<\/p>\n<!-- \/wp:paragraph -->\n\n<!-- wp:spacer {\"height\":\"34px\"} -->\n<div style=\"height:34px\" aria-hidden=\"true\" class=\"wp-block-spacer\"><\/div>\n<!-- \/wp:spacer -->\n\n<!-- wp:image {\"id\":9287,\"sizeSlug\":\"full\",\"linkDestination\":\"none\",\"align\":\"center\"} -->\n<figure class=\"wp-block-image aligncenter size-full\"><img src=\"https:\/\/catholiques17.fr\/tonnaycharente\/wp-content\/uploads\/sites\/47\/2024\/11\/Pier-Giorgio-Frassati-featured1-1080x567-1.jpg\" alt=\"\" class=\"wp-image-9287\"\/><\/figure>\n<!-- \/wp:image -->\n\n<!-- wp:spacer {\"height\":\"52px\"} -->\n<div style=\"height:52px\" aria-hidden=\"true\" class=\"wp-block-spacer\"><\/div>\n<!-- \/wp:spacer -->","_et_gb_content_width":"","footnotes":""},"categories":[6,20,43],"tags":[],"class_list":["post-9286","post","type-post","status-publish","format-standard","has-post-thumbnail","hentry","category-actualite","category-eglise-universelle","category-jeunes"],"_links":{"self":[{"href":"https:\/\/catholiques17.fr\/tonnaycharente\/wp-json\/wp\/v2\/posts\/9286","targetHints":{"allow":["GET"]}}],"collection":[{"href":"https:\/\/catholiques17.fr\/tonnaycharente\/wp-json\/wp\/v2\/posts"}],"about":[{"href":"https:\/\/catholiques17.fr\/tonnaycharente\/wp-json\/wp\/v2\/types\/post"}],"author":[{"embeddable":true,"href":"https:\/\/catholiques17.fr\/tonnaycharente\/wp-json\/wp\/v2\/users\/4"}],"replies":[{"embeddable":true,"href":"https:\/\/catholiques17.fr\/tonnaycharente\/wp-json\/wp\/v2\/comments?post=9286"}],"version-history":[{"count":5,"href":"https:\/\/catholiques17.fr\/tonnaycharente\/wp-json\/wp\/v2\/posts\/9286\/revisions"}],"predecessor-version":[{"id":9725,"href":"https:\/\/catholiques17.fr\/tonnaycharente\/wp-json\/wp\/v2\/posts\/9286\/revisions\/9725"}],"wp:featuredmedia":[{"embeddable":true,"href":"https:\/\/catholiques17.fr\/tonnaycharente\/wp-json\/wp\/v2\/media\/9289"}],"wp:attachment":[{"href":"https:\/\/catholiques17.fr\/tonnaycharente\/wp-json\/wp\/v2\/media?parent=9286"}],"wp:term":[{"taxonomy":"category","embeddable":true,"href":"https:\/\/catholiques17.fr\/tonnaycharente\/wp-json\/wp\/v2\/categories?post=9286"},{"taxonomy":"post_tag","embeddable":true,"href":"https:\/\/catholiques17.fr\/tonnaycharente\/wp-json\/wp\/v2\/tags?post=9286"}],"curies":[{"name":"wp","href":"https:\/\/api.w.org\/{rel}","templated":true}]}}