{"id":7398,"date":"2026-04-02T14:44:54","date_gmt":"2026-04-02T12:44:54","guid":{"rendered":"https:\/\/catholiques17.fr\/souzy\/?p=7398"},"modified":"2026-04-02T14:44:54","modified_gmt":"2026-04-02T12:44:54","slug":"expos-de-souzy-survol-des-marais-de-saintonge","status":"publish","type":"post","link":"https:\/\/catholiques17.fr\/souzy\/expos-de-souzy-survol-des-marais-de-saintonge\/","title":{"rendered":"[Expos de Souzy] \u2013 Survol des marais de Saintonge"},"content":{"rendered":"\n<div style=\"height:67px\" aria-hidden=\"true\" class=\"wp-block-spacer\"><\/div>\n\n\n\n<p>Dans le cadre du Printemps de Souzy, une nouvelle exposition vous est propos\u00e9e dans la salle de la rotonde de la maison de la Parole : \u00ab\u00a0Survol des marais de Saintonge\u00a0\u00bb. Le photographe, Pascal Georgeon nous invite, au travers de ses nombreux clich\u00e9s, \u00e0 d\u00e9couvrir les richesses de ces espaces naturels pr\u00e9serv\u00e9s.<\/p>\n\n\n\n<div style=\"height:45px\" aria-hidden=\"true\" class=\"wp-block-spacer\"><\/div>\n\n\n\n<h4 class=\"wp-block-heading has-text-align-center has-white-color has-vivid-red-background-color has-text-color has-background has-link-color wp-elements-8903d26f5e870b9f328b14c8f6e3e70d\">Salle de la rotonde, du 23 mars au 30 avril 2026, les lundis, mardis, mercredis et vendredis, de 15h \u00e0 18h, hors vacances scolaires et jours f\u00e9ri\u00e9s.<\/h4>\n\n\n\n<div style=\"height:28px\" aria-hidden=\"true\" class=\"wp-block-spacer\"><\/div>\n\n\n\n<h6 class=\"wp-block-heading has-text-align-center\">Pour toute visite de l\u2019exposition durant les apr\u00e8s-midi en semaine entre 15h et 18h, veuillez vous assurer de la disponibilit\u00e9 de la salle en t\u00e9l\u00e9phonant auparavant 05 46 44 77 13<\/h6>\n","protected":false},"excerpt":{"rendered":"<p>Dans le cadre du Printemps de Souzy, une nouvelle exposition vous est propos\u00e9e dans la salle de la rotonde de la maison de la Parole : \u00ab\u00a0Survol des marais de [&hellip;]<\/p>\n","protected":false},"author":4,"featured_media":7396,"comment_status":"open","ping_status":"open","sticky":false,"template":"","format":"standard","meta":{"_et_pb_use_builder":"off","_et_pb_old_content":"","_et_gb_content_width":"","footnotes":""},"categories":[6,16],"tags":[],"class_list":["post-7398","post","type-post","status-publish","format-standard","has-post-thumbnail","hentry","category-actualite","category-exposition"],"_links":{"self":[{"href":"https:\/\/catholiques17.fr\/souzy\/wp-json\/wp\/v2\/posts\/7398","targetHints":{"allow":["GET"]}}],"collection":[{"href":"https:\/\/catholiques17.fr\/souzy\/wp-json\/wp\/v2\/posts"}],"about":[{"href":"https:\/\/catholiques17.fr\/souzy\/wp-json\/wp\/v2\/types\/post"}],"author":[{"embeddable":true,"href":"https:\/\/catholiques17.fr\/souzy\/wp-json\/wp\/v2\/users\/4"}],"replies":[{"embeddable":true,"href":"https:\/\/catholiques17.fr\/souzy\/wp-json\/wp\/v2\/comments?post=7398"}],"version-history":[{"count":2,"href":"https:\/\/catholiques17.fr\/souzy\/wp-json\/wp\/v2\/posts\/7398\/revisions"}],"predecessor-version":[{"id":7400,"href":"https:\/\/catholiques17.fr\/souzy\/wp-json\/wp\/v2\/posts\/7398\/revisions\/7400"}],"wp:featuredmedia":[{"embeddable":true,"href":"https:\/\/catholiques17.fr\/souzy\/wp-json\/wp\/v2\/media\/7396"}],"wp:attachment":[{"href":"https:\/\/catholiques17.fr\/souzy\/wp-json\/wp\/v2\/media?parent=7398"}],"wp:term":[{"taxonomy":"category","embeddable":true,"href":"https:\/\/catholiques17.fr\/souzy\/wp-json\/wp\/v2\/categories?post=7398"},{"taxonomy":"post_tag","embeddable":true,"href":"https:\/\/catholiques17.fr\/souzy\/wp-json\/wp\/v2\/tags?post=7398"}],"curies":[{"name":"wp","href":"https:\/\/api.w.org\/{rel}","templated":true}]}}