{"id":7374,"date":"2026-03-05T16:22:24","date_gmt":"2026-03-05T15:22:24","guid":{"rendered":"https:\/\/catholiques17.fr\/souzy\/?p=7374"},"modified":"2026-03-05T16:22:25","modified_gmt":"2026-03-05T15:22:25","slug":"le-printemps-de-souzy-vivre-la-biodiversite-pendant-les-mois-de-mars-et-avril","status":"publish","type":"post","link":"https:\/\/catholiques17.fr\/souzy\/le-printemps-de-souzy-vivre-la-biodiversite-pendant-les-mois-de-mars-et-avril\/","title":{"rendered":"Le printemps de Souzy : vivre la biodiversit\u00e9 pendant les mois de mars et avril"},"content":{"rendered":"\n<div style=\"height:67px\" aria-hidden=\"true\" class=\"wp-block-spacer\"><\/div>\n\n\n\n<p>Ce printemps, le centre Souzy, en lien avec d&rsquo;autres associations partenaires, vous invite \u00e0 explorer la richesse de la biodiversit\u00e9 locale \u00e0 travers une s\u00e9rie d\u2019activit\u00e9s vari\u00e9es. Entre balade, exposition, conf\u00e9rence et projection, venez c\u00e9l\u00e9brer la beaut\u00e9 de la cr\u00e9ation et r\u00e9fl\u00e9chir ensemble \u00e0 sa pr\u00e9servation.<\/p>\n\n\n\n<div style=\"height:52px\" aria-hidden=\"true\" class=\"wp-block-spacer\"><\/div>\n\n\n\n<figure class=\"wp-block-image aligncenter size-full\"><a href=\"https:\/\/catholiques17.fr\/souzy\/wp-content\/uploads\/sites\/28\/2026\/03\/Verso.jpg\"><img loading=\"lazy\" decoding=\"async\" width=\"566\" height=\"800\" src=\"https:\/\/catholiques17.fr\/souzy\/wp-content\/uploads\/sites\/28\/2026\/03\/Verso.jpg\" alt=\"\" class=\"wp-image-7375\" srcset=\"https:\/\/catholiques17.fr\/souzy\/wp-content\/uploads\/sites\/28\/2026\/03\/Verso.jpg 566w, https:\/\/catholiques17.fr\/souzy\/wp-content\/uploads\/sites\/28\/2026\/03\/Verso-480x678.jpg 480w\" sizes=\"(min-width: 0px) and (max-width: 480px) 480px, (min-width: 481px) 566px, 100vw\" \/><\/a><\/figure>\n\n\n\n<div style=\"height:15px\" aria-hidden=\"true\" class=\"wp-block-spacer\"><\/div>\n\n\n\n<div class=\"wp-block-buttons is-content-justification-center is-layout-flex wp-container-core-buttons-is-layout-16018d1d wp-block-buttons-is-layout-flex\">\n<div class=\"wp-block-button is-style-outline is-style-outline--1\"><a class=\"wp-block-button__link has-text-color has-link-color wp-element-button\" href=\"https:\/\/catholiques17.fr\/souzy\/wp-content\/uploads\/sites\/28\/2026\/03\/Le-printemps-de-Souzy-VF-1_compressed.pdf\" style=\"color:#12af75\" target=\"_blank\" rel=\"noreferrer noopener\">T\u00e9l\u00e9charger le flyer<\/a><\/div>\n<\/div>\n\n\n\n<div style=\"height:52px\" aria-hidden=\"true\" class=\"wp-block-spacer\"><\/div>\n\n\n\n<p>Venez nombreux, en famille, entre amis ou en solo, pour partager ces exp\u00e9riences enrichissantes. Ensemble, nous pouvons faire la diff\u00e9rence : en apprenant, en \u00e9changeant et en nous engageant pour un avenir o\u00f9 l\u2019homme et la nature coexistent en harmonie.<\/p>\n\n\n\n<p>Ce printemps, chaque activit\u00e9 est une invitation \u00e0 ouvrir les yeux, le c\u0153ur et l\u2019esprit sur les merveilles de la biodiversit\u00e9 qui nous entourent. Que ce soit \u00e0 travers l\u2019objectif d\u2019un photographe, les pas d\u2019une balade en bord de mer, les \u00e9changes d\u2019une conf\u00e9rence ou les r\u00e9flexions suscit\u00e9es par un documentaire, chaque moment sera l\u2019occasion de <strong>rencontrer, comprendre et agir<\/strong> pour pr\u00e9server ce patrimoine naturel si pr\u00e9cieux.<\/p>\n\n\n\n<div style=\"height:52px\" aria-hidden=\"true\" class=\"wp-block-spacer\"><\/div>\n","protected":false},"excerpt":{"rendered":"<p>Ce printemps, le centre Souzy, en lien avec d&rsquo;autres associations partenaires, vous invite \u00e0 explorer la richesse de la biodiversit\u00e9 locale \u00e0 travers une s\u00e9rie d\u2019activit\u00e9s vari\u00e9es. Entre balade, exposition, [&hellip;]<\/p>\n","protected":false},"author":4,"featured_media":7372,"comment_status":"open","ping_status":"open","sticky":false,"template":"","format":"standard","meta":{"_et_pb_use_builder":"off","_et_pb_old_content":"","_et_gb_content_width":"","footnotes":""},"categories":[6],"tags":[],"class_list":["post-7374","post","type-post","status-publish","format-standard","has-post-thumbnail","hentry","category-actualite"],"_links":{"self":[{"href":"https:\/\/catholiques17.fr\/souzy\/wp-json\/wp\/v2\/posts\/7374","targetHints":{"allow":["GET"]}}],"collection":[{"href":"https:\/\/catholiques17.fr\/souzy\/wp-json\/wp\/v2\/posts"}],"about":[{"href":"https:\/\/catholiques17.fr\/souzy\/wp-json\/wp\/v2\/types\/post"}],"author":[{"embeddable":true,"href":"https:\/\/catholiques17.fr\/souzy\/wp-json\/wp\/v2\/users\/4"}],"replies":[{"embeddable":true,"href":"https:\/\/catholiques17.fr\/souzy\/wp-json\/wp\/v2\/comments?post=7374"}],"version-history":[{"count":4,"href":"https:\/\/catholiques17.fr\/souzy\/wp-json\/wp\/v2\/posts\/7374\/revisions"}],"predecessor-version":[{"id":7379,"href":"https:\/\/catholiques17.fr\/souzy\/wp-json\/wp\/v2\/posts\/7374\/revisions\/7379"}],"wp:featuredmedia":[{"embeddable":true,"href":"https:\/\/catholiques17.fr\/souzy\/wp-json\/wp\/v2\/media\/7372"}],"wp:attachment":[{"href":"https:\/\/catholiques17.fr\/souzy\/wp-json\/wp\/v2\/media?parent=7374"}],"wp:term":[{"taxonomy":"category","embeddable":true,"href":"https:\/\/catholiques17.fr\/souzy\/wp-json\/wp\/v2\/categories?post=7374"},{"taxonomy":"post_tag","embeddable":true,"href":"https:\/\/catholiques17.fr\/souzy\/wp-json\/wp\/v2\/tags?post=7374"}],"curies":[{"name":"wp","href":"https:\/\/api.w.org\/{rel}","templated":true}]}}