{"id":7356,"date":"2026-02-04T16:25:48","date_gmt":"2026-02-04T15:25:48","guid":{"rendered":"https:\/\/catholiques17.fr\/souzy\/?p=7356"},"modified":"2026-02-18T08:54:00","modified_gmt":"2026-02-18T07:54:00","slug":"forum-de-souzy-eric-le-blanche-le-prince-ermite-de-vouvant-une-soiree-inahabituelle","status":"publish","type":"post","link":"https:\/\/catholiques17.fr\/souzy\/forum-de-souzy-eric-le-blanche-le-prince-ermite-de-vouvant-une-soiree-inahabituelle\/","title":{"rendered":"Forum de Souzy : Eric le Blanche, le Prince-Ermite de Vouvant, une soir\u00e9e inhabituelle !"},"content":{"rendered":"\n<div style=\"height:79px\" aria-hidden=\"true\" class=\"wp-block-spacer\"><\/div>\n\n\n\n<p>\u00c9ric Le Blanche (1951\u20132016) a peint toute sa vie durant, dans le secret de la\u00a0<em>Villa Palatine<\/em>, nom qu\u2019il avait donn\u00e9 \u00e0 sa demeure de Vouvant, en Vend\u00e9e. Son \u0153uvre fut d\u00e9couverte apr\u00e8s sa mort : les murs de sa maison \u00e9taient recouverts de fresques et il avait r\u00e9alis\u00e9 plusieurs dizaines de milliers de dessins et de peintures sur papier et sur carton. Or tout \u00e9tait promis \u00e0 la destruction.<br><strong>Jacques Burtin<\/strong> fut l\u2019un des rares t\u00e9moins autoris\u00e9s \u00e0 visiter les lieux. Convaincu de l\u2019importance de cette d\u00e9couverte, tant du point de vue artistique que spirituel, il sauva un grand nombre de r\u00e9alisations, organisa des expositions et fonda L\u2019Institut \u00c9ric le Blanche, charg\u00e9 de veiller au rayonnement de l\u2019\u0153uvre du peintre. Alert\u00e9e d\u00e8s l\u2019origine sur cette d\u00e9couverte, <strong>Sylvie Germain et Jacques Burtin<\/strong> eurent un \u00e9change soutenu durant quatre ans.\u00a0<\/p>\n\n\n\n<p class=\"has-text-align-center\"><br><strong>Ils seront tous les deux pr\u00e9sents pour animer ce forum hors du commun, <\/strong><\/p>\n\n\n\n<p class=\"has-text-align-center\"><strong>le mercredi 4 mars \u00e0 20h00 \u00e0 la maison de la Parole JB Souzy.<\/strong><\/p>\n\n\n\n<div style=\"height:50px\" aria-hidden=\"true\" class=\"wp-block-spacer\"><\/div>\n\n\n\n<figure class=\"wp-block-embed is-type-video is-provider-youtube wp-block-embed-youtube wp-embed-aspect-16-9 wp-has-aspect-ratio\"><div class=\"wp-block-embed__wrapper\">\n<iframe loading=\"lazy\" title=\"Forum de Souzy le 04 mars 2026 \u00e0 20h : Venez d\u00e9couvrir Eric le Blanche, le Prince-Ermite de Vouvant\" width=\"1080\" height=\"608\" src=\"https:\/\/www.youtube.com\/embed\/pEXH5-fBuN4?feature=oembed\"  allow=\"accelerometer; autoplay; clipboard-write; encrypted-media; gyroscope; picture-in-picture; web-share\" referrerpolicy=\"strict-origin-when-cross-origin\" allowfullscreen><\/iframe>\n<\/div><\/figure>\n\n\n\n<div style=\"height:50px\" aria-hidden=\"true\" class=\"wp-block-spacer\"><\/div>\n","protected":false},"excerpt":{"rendered":"<p>\u00c9ric Le Blanche (1951\u20132016) a peint toute sa vie durant, dans le secret de la\u00a0Villa Palatine, nom qu\u2019il avait donn\u00e9 \u00e0 sa demeure de Vouvant, en Vend\u00e9e. Son \u0153uvre fut [&hellip;]<\/p>\n","protected":false},"author":4,"featured_media":7367,"comment_status":"open","ping_status":"open","sticky":false,"template":"","format":"standard","meta":{"_et_pb_use_builder":"off","_et_pb_old_content":"","_et_gb_content_width":"","footnotes":""},"categories":[6,20],"tags":[],"class_list":["post-7356","post","type-post","status-publish","format-standard","has-post-thumbnail","hentry","category-actualite","category-forum"],"_links":{"self":[{"href":"https:\/\/catholiques17.fr\/souzy\/wp-json\/wp\/v2\/posts\/7356","targetHints":{"allow":["GET"]}}],"collection":[{"href":"https:\/\/catholiques17.fr\/souzy\/wp-json\/wp\/v2\/posts"}],"about":[{"href":"https:\/\/catholiques17.fr\/souzy\/wp-json\/wp\/v2\/types\/post"}],"author":[{"embeddable":true,"href":"https:\/\/catholiques17.fr\/souzy\/wp-json\/wp\/v2\/users\/4"}],"replies":[{"embeddable":true,"href":"https:\/\/catholiques17.fr\/souzy\/wp-json\/wp\/v2\/comments?post=7356"}],"version-history":[{"count":4,"href":"https:\/\/catholiques17.fr\/souzy\/wp-json\/wp\/v2\/posts\/7356\/revisions"}],"predecessor-version":[{"id":7368,"href":"https:\/\/catholiques17.fr\/souzy\/wp-json\/wp\/v2\/posts\/7356\/revisions\/7368"}],"wp:featuredmedia":[{"embeddable":true,"href":"https:\/\/catholiques17.fr\/souzy\/wp-json\/wp\/v2\/media\/7367"}],"wp:attachment":[{"href":"https:\/\/catholiques17.fr\/souzy\/wp-json\/wp\/v2\/media?parent=7356"}],"wp:term":[{"taxonomy":"category","embeddable":true,"href":"https:\/\/catholiques17.fr\/souzy\/wp-json\/wp\/v2\/categories?post=7356"},{"taxonomy":"post_tag","embeddable":true,"href":"https:\/\/catholiques17.fr\/souzy\/wp-json\/wp\/v2\/tags?post=7356"}],"curies":[{"name":"wp","href":"https:\/\/api.w.org\/{rel}","templated":true}]}}