{"id":7346,"date":"2026-01-14T11:04:57","date_gmt":"2026-01-14T10:04:57","guid":{"rendered":"https:\/\/catholiques17.fr\/souzy\/?p=7346"},"modified":"2026-01-14T11:04:58","modified_gmt":"2026-01-14T10:04:58","slug":"forum-de-souzy-report-de-la-soiree-du-27-janvier-2026","status":"publish","type":"post","link":"https:\/\/catholiques17.fr\/souzy\/forum-de-souzy-report-de-la-soiree-du-27-janvier-2026\/","title":{"rendered":"Forum de Souzy : Report de la soir\u00e9e du 27 janvier 2026"},"content":{"rendered":"\n<div style=\"height:167px\" aria-hidden=\"true\" class=\"wp-block-spacer\"><\/div>\n\n\n\n<p class=\"has-text-align-center\">La soir\u00e9e initialement pr\u00e9vue le mardi 27 janvier, <\/p>\n\n\n\n<p class=\"has-text-align-center\">sur le th\u00e8me \u00ab\u00a0Architecture sacr\u00e9e : une expression de la Foi\u00a0\u00bb, <\/p>\n\n\n\n<p class=\"has-text-align-center\"><strong>est report\u00e9e au mardi 28 avril 2026.<\/strong><\/p>\n\n\n\n<p class=\"has-text-align-center\">Merci de communiquer cette information autour de vous.<\/p>\n","protected":false},"excerpt":{"rendered":"<p>La soir\u00e9e initialement pr\u00e9vue le mardi 27 janvier, sur le th\u00e8me \u00ab\u00a0Architecture sacr\u00e9e : une expression de la Foi\u00a0\u00bb, est report\u00e9e au mardi 28 avril 2026. Merci de communiquer cette [&hellip;]<\/p>\n","protected":false},"author":4,"featured_media":7347,"comment_status":"open","ping_status":"open","sticky":false,"template":"","format":"standard","meta":{"_et_pb_use_builder":"off","_et_pb_old_content":"","_et_gb_content_width":"","footnotes":""},"categories":[6,20],"tags":[],"class_list":["post-7346","post","type-post","status-publish","format-standard","has-post-thumbnail","hentry","category-actualite","category-forum"],"_links":{"self":[{"href":"https:\/\/catholiques17.fr\/souzy\/wp-json\/wp\/v2\/posts\/7346","targetHints":{"allow":["GET"]}}],"collection":[{"href":"https:\/\/catholiques17.fr\/souzy\/wp-json\/wp\/v2\/posts"}],"about":[{"href":"https:\/\/catholiques17.fr\/souzy\/wp-json\/wp\/v2\/types\/post"}],"author":[{"embeddable":true,"href":"https:\/\/catholiques17.fr\/souzy\/wp-json\/wp\/v2\/users\/4"}],"replies":[{"embeddable":true,"href":"https:\/\/catholiques17.fr\/souzy\/wp-json\/wp\/v2\/comments?post=7346"}],"version-history":[{"count":3,"href":"https:\/\/catholiques17.fr\/souzy\/wp-json\/wp\/v2\/posts\/7346\/revisions"}],"predecessor-version":[{"id":7350,"href":"https:\/\/catholiques17.fr\/souzy\/wp-json\/wp\/v2\/posts\/7346\/revisions\/7350"}],"wp:featuredmedia":[{"embeddable":true,"href":"https:\/\/catholiques17.fr\/souzy\/wp-json\/wp\/v2\/media\/7347"}],"wp:attachment":[{"href":"https:\/\/catholiques17.fr\/souzy\/wp-json\/wp\/v2\/media?parent=7346"}],"wp:term":[{"taxonomy":"category","embeddable":true,"href":"https:\/\/catholiques17.fr\/souzy\/wp-json\/wp\/v2\/categories?post=7346"},{"taxonomy":"post_tag","embeddable":true,"href":"https:\/\/catholiques17.fr\/souzy\/wp-json\/wp\/v2\/tags?post=7346"}],"curies":[{"name":"wp","href":"https:\/\/api.w.org\/{rel}","templated":true}]}}