{"id":7342,"date":"2026-01-14T10:37:12","date_gmt":"2026-01-14T09:37:12","guid":{"rendered":"https:\/\/catholiques17.fr\/souzy\/?p=7342"},"modified":"2026-01-14T10:37:13","modified_gmt":"2026-01-14T09:37:13","slug":"expos-de-souzy-lumiere-source-de-vie","status":"publish","type":"post","link":"https:\/\/catholiques17.fr\/souzy\/expos-de-souzy-lumiere-source-de-vie\/","title":{"rendered":"[Expos de Souzy] : Lumi\u00e8re source de vie"},"content":{"rendered":"\n<div style=\"height:47px\" aria-hidden=\"true\" class=\"wp-block-spacer\"><\/div>\n\n\n\n<p>Laurent Regnard est un artiste peintre, et a exerc\u00e9 le m\u00e9tier d\u2019enseignant en sciences de la vie et de la terre jusqu\u2019en 2021.<\/p>\n\n\n\n<p>Sa formation en peinture a d\u00e9but\u00e9 par 3 ans d\u2019atelier Martenot entre 1977 et 1980. Depuis il a install\u00e9 son atelier \u00e0 La Rochelle.<\/p>\n\n\n\n<p>Depuis 2016, Il a particip\u00e9 \u00e0 plusieurs expositions sur La Rochelle et l\u2019ile de R\u00e9. Premier prix du public de l\u2019exposition des Peintres aux Portes en R\u00e9 en 2018, 2019, 2021 puis en 2024, il poursuit ses cr\u00e9ations en s\u2019inspirant des \u0153uvres de Nicolas de Stael.<\/p>\n\n\n\n<div style=\"height:54px\" aria-hidden=\"true\" class=\"wp-block-spacer\"><\/div>\n\n\n\n<figure class=\"wp-block-image aligncenter size-full\"><a href=\"https:\/\/catholiques17.fr\/souzy\/wp-content\/uploads\/sites\/28\/2026\/01\/Lumiere-source-de-vie.png\"><img loading=\"lazy\" decoding=\"async\" width=\"566\" height=\"800\" src=\"https:\/\/catholiques17.fr\/souzy\/wp-content\/uploads\/sites\/28\/2026\/01\/Lumiere-source-de-vie.png\" alt=\"\" class=\"wp-image-7334\" srcset=\"https:\/\/catholiques17.fr\/souzy\/wp-content\/uploads\/sites\/28\/2026\/01\/Lumiere-source-de-vie.png 566w, https:\/\/catholiques17.fr\/souzy\/wp-content\/uploads\/sites\/28\/2026\/01\/Lumiere-source-de-vie-480x678.png 480w\" sizes=\"(min-width: 0px) and (max-width: 480px) 480px, (min-width: 481px) 566px, 100vw\" \/><\/a><\/figure>\n\n\n\n<div style=\"height:54px\" aria-hidden=\"true\" class=\"wp-block-spacer\"><\/div>\n\n\n\n<h4 class=\"wp-block-heading has-text-align-center\">Salle de la rotonde, du 13 janvier au 13 f\u00e9vrier 2026, les lundis, mardis, mercredis et vendredis, de 15h \u00e0 18h, hors vacances scolaires et jours f\u00e9ri\u00e9s.<\/h4>\n\n\n\n<h6 class=\"wp-block-heading has-text-align-center\">Pour toute visite de l\u2019exposition durant les apr\u00e8s-midi en semaine entre 15h et 18h, veuillez vous assurer de la disponibilit\u00e9 de la salle en t\u00e9l\u00e9phonant auparavant 05 46 44 77 13<\/h6>\n\n\n\n<div style=\"height:33px\" aria-hidden=\"true\" class=\"wp-block-spacer\"><\/div>\n","protected":false},"excerpt":{"rendered":"<p>Laurent Regnard est un artiste peintre, et a exerc\u00e9 le m\u00e9tier d\u2019enseignant en sciences de la vie et de la terre jusqu\u2019en 2021. Sa formation en peinture a d\u00e9but\u00e9 par [&hellip;]<\/p>\n","protected":false},"author":4,"featured_media":7343,"comment_status":"open","ping_status":"open","sticky":false,"template":"","format":"standard","meta":{"_et_pb_use_builder":"off","_et_pb_old_content":"","_et_gb_content_width":"","footnotes":""},"categories":[6,16],"tags":[],"class_list":["post-7342","post","type-post","status-publish","format-standard","has-post-thumbnail","hentry","category-actualite","category-exposition"],"_links":{"self":[{"href":"https:\/\/catholiques17.fr\/souzy\/wp-json\/wp\/v2\/posts\/7342","targetHints":{"allow":["GET"]}}],"collection":[{"href":"https:\/\/catholiques17.fr\/souzy\/wp-json\/wp\/v2\/posts"}],"about":[{"href":"https:\/\/catholiques17.fr\/souzy\/wp-json\/wp\/v2\/types\/post"}],"author":[{"embeddable":true,"href":"https:\/\/catholiques17.fr\/souzy\/wp-json\/wp\/v2\/users\/4"}],"replies":[{"embeddable":true,"href":"https:\/\/catholiques17.fr\/souzy\/wp-json\/wp\/v2\/comments?post=7342"}],"version-history":[{"count":2,"href":"https:\/\/catholiques17.fr\/souzy\/wp-json\/wp\/v2\/posts\/7342\/revisions"}],"predecessor-version":[{"id":7345,"href":"https:\/\/catholiques17.fr\/souzy\/wp-json\/wp\/v2\/posts\/7342\/revisions\/7345"}],"wp:featuredmedia":[{"embeddable":true,"href":"https:\/\/catholiques17.fr\/souzy\/wp-json\/wp\/v2\/media\/7343"}],"wp:attachment":[{"href":"https:\/\/catholiques17.fr\/souzy\/wp-json\/wp\/v2\/media?parent=7342"}],"wp:term":[{"taxonomy":"category","embeddable":true,"href":"https:\/\/catholiques17.fr\/souzy\/wp-json\/wp\/v2\/categories?post=7342"},{"taxonomy":"post_tag","embeddable":true,"href":"https:\/\/catholiques17.fr\/souzy\/wp-json\/wp\/v2\/tags?post=7342"}],"curies":[{"name":"wp","href":"https:\/\/api.w.org\/{rel}","templated":true}]}}