{"id":7326,"date":"2025-11-03T17:02:15","date_gmt":"2025-11-03T16:02:15","guid":{"rendered":"https:\/\/catholiques17.fr\/souzy\/?p=7326"},"modified":"2025-11-03T17:02:17","modified_gmt":"2025-11-03T16:02:17","slug":"vernissage-de-lexposition-les-couleurs-de-lespoir","status":"publish","type":"post","link":"https:\/\/catholiques17.fr\/souzy\/vernissage-de-lexposition-les-couleurs-de-lespoir\/","title":{"rendered":"Vernissage de l&rsquo;exposition Les couleurs de l&rsquo;espoir"},"content":{"rendered":"\n<div style=\"height:100px\" aria-hidden=\"true\" class=\"wp-block-spacer\"><\/div>\n\n\n\n<p>Dans le cadre du festival des solidarit\u00e9s, un vernissage de l&rsquo;exposition Les couleurs de l&rsquo;espoir est organis\u00e9 \u00e0 la Maison de la Parole le mercredi 2 novembre \u00e0 18h30, salle de la Rotonde.<br>Les artistes ukrainiennes Hromysh Maryana et Ausheva Genia seront heureuses de vous pr\u00e9senter leurs cr\u00e9ations.<\/p>\n\n\n\n<p><\/p>\n\n\n\n<p>Dress code : noir, rouge et vert, couleurs de force, de passion et d\u2019esp\u00e9rance !<\/p>\n\n\n\n<div style=\"height:45px\" aria-hidden=\"true\" class=\"wp-block-spacer\"><\/div>\n\n\n\n<figure class=\"wp-block-image aligncenter size-full\"><img loading=\"lazy\" decoding=\"async\" width=\"566\" height=\"800\" src=\"https:\/\/catholiques17.fr\/souzy\/wp-content\/uploads\/sites\/28\/2025\/11\/Les-couleurs-de-lespoir-VF-1.jpg\" alt=\"\" class=\"wp-image-7327\" srcset=\"https:\/\/catholiques17.fr\/souzy\/wp-content\/uploads\/sites\/28\/2025\/11\/Les-couleurs-de-lespoir-VF-1.jpg 566w, https:\/\/catholiques17.fr\/souzy\/wp-content\/uploads\/sites\/28\/2025\/11\/Les-couleurs-de-lespoir-VF-1-480x678.jpg 480w\" sizes=\"(min-width: 0px) and (max-width: 480px) 480px, (min-width: 481px) 566px, 100vw\" \/><\/figure>\n","protected":false},"excerpt":{"rendered":"<p>Dans le cadre du festival des solidarit\u00e9s, un vernissage de l&rsquo;exposition Les couleurs de l&rsquo;espoir est organis\u00e9 \u00e0 la Maison de la Parole le mercredi 2 novembre \u00e0 18h30, salle [&hellip;]<\/p>\n","protected":false},"author":4,"featured_media":7012,"comment_status":"open","ping_status":"open","sticky":false,"template":"","format":"standard","meta":{"_et_pb_use_builder":"off","_et_pb_old_content":"","_et_gb_content_width":"","footnotes":""},"categories":[6,16],"tags":[],"class_list":["post-7326","post","type-post","status-publish","format-standard","has-post-thumbnail","hentry","category-actualite","category-exposition"],"_links":{"self":[{"href":"https:\/\/catholiques17.fr\/souzy\/wp-json\/wp\/v2\/posts\/7326","targetHints":{"allow":["GET"]}}],"collection":[{"href":"https:\/\/catholiques17.fr\/souzy\/wp-json\/wp\/v2\/posts"}],"about":[{"href":"https:\/\/catholiques17.fr\/souzy\/wp-json\/wp\/v2\/types\/post"}],"author":[{"embeddable":true,"href":"https:\/\/catholiques17.fr\/souzy\/wp-json\/wp\/v2\/users\/4"}],"replies":[{"embeddable":true,"href":"https:\/\/catholiques17.fr\/souzy\/wp-json\/wp\/v2\/comments?post=7326"}],"version-history":[{"count":1,"href":"https:\/\/catholiques17.fr\/souzy\/wp-json\/wp\/v2\/posts\/7326\/revisions"}],"predecessor-version":[{"id":7328,"href":"https:\/\/catholiques17.fr\/souzy\/wp-json\/wp\/v2\/posts\/7326\/revisions\/7328"}],"wp:featuredmedia":[{"embeddable":true,"href":"https:\/\/catholiques17.fr\/souzy\/wp-json\/wp\/v2\/media\/7012"}],"wp:attachment":[{"href":"https:\/\/catholiques17.fr\/souzy\/wp-json\/wp\/v2\/media?parent=7326"}],"wp:term":[{"taxonomy":"category","embeddable":true,"href":"https:\/\/catholiques17.fr\/souzy\/wp-json\/wp\/v2\/categories?post=7326"},{"taxonomy":"post_tag","embeddable":true,"href":"https:\/\/catholiques17.fr\/souzy\/wp-json\/wp\/v2\/tags?post=7326"}],"curies":[{"name":"wp","href":"https:\/\/api.w.org\/{rel}","templated":true}]}}