{"id":7301,"date":"2025-10-31T09:00:29","date_gmt":"2025-10-31T08:00:29","guid":{"rendered":"https:\/\/catholiques17.fr\/souzy\/?p=7301"},"modified":"2026-01-14T10:31:47","modified_gmt":"2026-01-14T09:31:47","slug":"expos-de-souzy-les-couleurs-de-lespoir","status":"publish","type":"post","link":"https:\/\/catholiques17.fr\/souzy\/expos-de-souzy-les-couleurs-de-lespoir\/","title":{"rendered":"[Expos de Souzy] : Les couleurs de l&rsquo;espoir"},"content":{"rendered":"\n<div style=\"height:75px\" aria-hidden=\"true\" class=\"wp-block-spacer\"><\/div>\n\n\n\n<p>Maryana HROMYSH et Genia AUSHEVA, deux artistes ukrainiennes, nous pr\u00e9sentent leurs cr\u00e9ations (peintures et tapis) dans la salle de la rotonde \u00e0 la Maison de la Parole. Dans le cadre du <a href=\"https:\/\/cas17.fr\/nos-evenements\/festival-des-solidarites\/\" target=\"_blank\" rel=\"noreferrer noopener\">Festival des Solidarit\u00e9s<\/a>, un vernissage, en leur pr\u00e9sence, se tiendra le mercredi 12 novembre \u00e0 18h30.<\/p>\n\n\n\n<div style=\"height:62px\" aria-hidden=\"true\" class=\"wp-block-spacer\"><\/div>\n\n\n\n<p><\/p>\n\n\n\n<p class=\"has-text-align-center has-white-color has-vivid-red-background-color has-text-color has-background has-link-color wp-elements-98c88548225bf979a8cf5a2cccd5573d\"><strong>DU 30 OCTOBRE AU 1ER D\u00c9CEMBRE<\/strong><\/p>\n\n\n\n<p class=\"has-text-align-center has-white-color has-vivid-red-background-color has-text-color has-background has-link-color wp-elements-f118f70807814973fd025a1a82e927db\">Pour toute visite de l\u2019exposition durant les apr\u00e8s-midi en semaine entre 15h et 18h,<\/p>\n\n\n\n<p class=\"has-text-align-center has-white-color has-vivid-red-background-color has-text-color has-background has-link-color wp-elements-8020c235176f57f89308615cde28a8d9\">veuillez vous assurer de la disponibilit\u00e9 de la salle en t\u00e9l\u00e9phonant auparavant au 05 46 44 77 13.<\/p>\n","protected":false},"excerpt":{"rendered":"<p>Maryana HROMYSH et Genia AUSHEVA, deux artistes ukrainiennes, nous pr\u00e9sentent leurs cr\u00e9ations (peintures et tapis) dans la salle de la rotonde \u00e0 la Maison de la Parole. Dans le cadre [&hellip;]<\/p>\n","protected":false},"author":4,"featured_media":7276,"comment_status":"open","ping_status":"open","sticky":false,"template":"","format":"standard","meta":{"_et_pb_use_builder":"off","_et_pb_old_content":"","_et_gb_content_width":"","footnotes":""},"categories":[6,16],"tags":[],"class_list":["post-7301","post","type-post","status-publish","format-standard","has-post-thumbnail","hentry","category-actualite","category-exposition"],"_links":{"self":[{"href":"https:\/\/catholiques17.fr\/souzy\/wp-json\/wp\/v2\/posts\/7301","targetHints":{"allow":["GET"]}}],"collection":[{"href":"https:\/\/catholiques17.fr\/souzy\/wp-json\/wp\/v2\/posts"}],"about":[{"href":"https:\/\/catholiques17.fr\/souzy\/wp-json\/wp\/v2\/types\/post"}],"author":[{"embeddable":true,"href":"https:\/\/catholiques17.fr\/souzy\/wp-json\/wp\/v2\/users\/4"}],"replies":[{"embeddable":true,"href":"https:\/\/catholiques17.fr\/souzy\/wp-json\/wp\/v2\/comments?post=7301"}],"version-history":[{"count":1,"href":"https:\/\/catholiques17.fr\/souzy\/wp-json\/wp\/v2\/posts\/7301\/revisions"}],"predecessor-version":[{"id":7302,"href":"https:\/\/catholiques17.fr\/souzy\/wp-json\/wp\/v2\/posts\/7301\/revisions\/7302"}],"wp:featuredmedia":[{"embeddable":true,"href":"https:\/\/catholiques17.fr\/souzy\/wp-json\/wp\/v2\/media\/7276"}],"wp:attachment":[{"href":"https:\/\/catholiques17.fr\/souzy\/wp-json\/wp\/v2\/media?parent=7301"}],"wp:term":[{"taxonomy":"category","embeddable":true,"href":"https:\/\/catholiques17.fr\/souzy\/wp-json\/wp\/v2\/categories?post=7301"},{"taxonomy":"post_tag","embeddable":true,"href":"https:\/\/catholiques17.fr\/souzy\/wp-json\/wp\/v2\/tags?post=7301"}],"curies":[{"name":"wp","href":"https:\/\/api.w.org\/{rel}","templated":true}]}}