{"id":7298,"date":"2025-10-24T14:19:39","date_gmt":"2025-10-24T12:19:39","guid":{"rendered":"https:\/\/catholiques17.fr\/souzy\/?p=7298"},"modified":"2025-10-24T14:19:40","modified_gmt":"2025-10-24T12:19:40","slug":"a-tous-ceux-qui-veulent-approfondir-leur-foi-et-vivre-des-temps-forts-en-eglise","status":"publish","type":"post","link":"https:\/\/catholiques17.fr\/souzy\/a-tous-ceux-qui-veulent-approfondir-leur-foi-et-vivre-des-temps-forts-en-eglise\/","title":{"rendered":"A tous ceux qui veulent approfondir leur Foi et vivre des temps forts en Eglise"},"content":{"rendered":"\n<div style=\"height:56px\" aria-hidden=\"true\" class=\"wp-block-spacer\"><\/div>\n\n\n\n<p class=\"has-text-align-center\">Le Service Dioc\u00e9sain de Formation Chr\u00e9tienne propose un&nbsp;<strong>Parcours Dioc\u00e9sain de Formation<\/strong>&nbsp;<strong>(PDF)<\/strong><\/p>\n\n\n\n<div style=\"height:56px\" aria-hidden=\"true\" class=\"wp-block-spacer\"><\/div>\n\n\n\n<p><strong>RYTHME :<\/strong><\/p>\n\n\n\n<ul class=\"wp-block-list\">\n<li><strong>6 samedis de novembre 2025 \u00e0 avril 2026<\/strong><\/li>\n\n\n\n<li><strong>Horaires : de 9h \u00e0 16h30<\/strong><\/li>\n<\/ul>\n\n\n\n<div style=\"height:23px\" aria-hidden=\"true\" class=\"wp-block-spacer\"><\/div>\n\n\n\n<p><strong>CONTENU :<\/strong><\/p>\n\n\n\n<ul class=\"wp-block-list\">\n<li>Matin : <strong>des<\/strong> <strong>apports sur des sujets autour de la foi cat\u00e9ch\u00e9tique<\/strong> (Parole de Dieu, Sacrements, Morale, etc.).<\/li>\n\n\n\n<li>Apr\u00e8s-midis : <strong>des ateliers proposant des aspects plus pratiques de la vie chr\u00e9tienne<\/strong>.<\/li>\n<\/ul>\n\n\n\n<div style=\"height:23px\" aria-hidden=\"true\" class=\"wp-block-spacer\"><\/div>\n\n\n\n<p><strong>LIEU :<\/strong> <strong>&nbsp;Presbyt\u00e8re, 65 ter rue Voltaire, 17300 Rochefort<\/strong><\/p>\n\n\n\n<div style=\"height:23px\" aria-hidden=\"true\" class=\"wp-block-spacer\"><\/div>\n\n\n\n<p><strong>TARIFS : <\/strong><strong>50\u20ac pour l\u2019ann\u00e9e<\/strong>. <strong><\/strong><\/p>\n\n\n\n<div style=\"height:23px\" aria-hidden=\"true\" class=\"wp-block-spacer\"><\/div>\n\n\n\n<p><strong>CONTACTS :<\/strong> <a href=\"mailto:jbsouzy@wanadoo.fr\" target=\"_blank\" rel=\"noreferrer noopener\">jbsouzy@wanadoo.fr<\/a>&nbsp;ou <a href=\"mailto:formationchretienne@diocese17.fr\" target=\"_blank\" rel=\"noreferrer noopener\">formationchretienne@diocese17.fr<\/a><\/p>\n\n\n\n<div style=\"height:41px\" aria-hidden=\"true\" class=\"wp-block-spacer\"><\/div>\n\n\n\n<figure class=\"wp-block-image aligncenter size-full\"><img loading=\"lazy\" decoding=\"async\" width=\"574\" height=\"809\" src=\"https:\/\/catholiques17.fr\/souzy\/wp-content\/uploads\/sites\/28\/2025\/10\/parcours-diocesain-de-formationVF-2025-2026-214-x-152-mm.pdf1_.png\" alt=\"\" class=\"wp-image-7297\" srcset=\"https:\/\/catholiques17.fr\/souzy\/wp-content\/uploads\/sites\/28\/2025\/10\/parcours-diocesain-de-formationVF-2025-2026-214-x-152-mm.pdf1_.png 574w, https:\/\/catholiques17.fr\/souzy\/wp-content\/uploads\/sites\/28\/2025\/10\/parcours-diocesain-de-formationVF-2025-2026-214-x-152-mm.pdf1_-480x677.png 480w\" sizes=\"(min-width: 0px) and (max-width: 480px) 480px, (min-width: 481px) 574px, 100vw\" \/><\/figure>\n","protected":false},"excerpt":{"rendered":"<p>Le Service Dioc\u00e9sain de Formation Chr\u00e9tienne propose un&nbsp;Parcours Dioc\u00e9sain de Formation&nbsp;(PDF) RYTHME : CONTENU : LIEU : &nbsp;Presbyt\u00e8re, 65 ter rue Voltaire, 17300 Rochefort TARIFS : 50\u20ac pour l\u2019ann\u00e9e. CONTACTS [&hellip;]<\/p>\n","protected":false},"author":4,"featured_media":7296,"comment_status":"open","ping_status":"open","sticky":false,"template":"","format":"standard","meta":{"_et_pb_use_builder":"off","_et_pb_old_content":"","_et_gb_content_width":"","footnotes":""},"categories":[6],"tags":[],"class_list":["post-7298","post","type-post","status-publish","format-standard","has-post-thumbnail","hentry","category-actualite"],"_links":{"self":[{"href":"https:\/\/catholiques17.fr\/souzy\/wp-json\/wp\/v2\/posts\/7298","targetHints":{"allow":["GET"]}}],"collection":[{"href":"https:\/\/catholiques17.fr\/souzy\/wp-json\/wp\/v2\/posts"}],"about":[{"href":"https:\/\/catholiques17.fr\/souzy\/wp-json\/wp\/v2\/types\/post"}],"author":[{"embeddable":true,"href":"https:\/\/catholiques17.fr\/souzy\/wp-json\/wp\/v2\/users\/4"}],"replies":[{"embeddable":true,"href":"https:\/\/catholiques17.fr\/souzy\/wp-json\/wp\/v2\/comments?post=7298"}],"version-history":[{"count":2,"href":"https:\/\/catholiques17.fr\/souzy\/wp-json\/wp\/v2\/posts\/7298\/revisions"}],"predecessor-version":[{"id":7300,"href":"https:\/\/catholiques17.fr\/souzy\/wp-json\/wp\/v2\/posts\/7298\/revisions\/7300"}],"wp:featuredmedia":[{"embeddable":true,"href":"https:\/\/catholiques17.fr\/souzy\/wp-json\/wp\/v2\/media\/7296"}],"wp:attachment":[{"href":"https:\/\/catholiques17.fr\/souzy\/wp-json\/wp\/v2\/media?parent=7298"}],"wp:term":[{"taxonomy":"category","embeddable":true,"href":"https:\/\/catholiques17.fr\/souzy\/wp-json\/wp\/v2\/categories?post=7298"},{"taxonomy":"post_tag","embeddable":true,"href":"https:\/\/catholiques17.fr\/souzy\/wp-json\/wp\/v2\/tags?post=7298"}],"curies":[{"name":"wp","href":"https:\/\/api.w.org\/{rel}","templated":true}]}}