{"id":7244,"date":"2025-07-28T09:13:35","date_gmt":"2025-07-28T07:13:35","guid":{"rendered":"https:\/\/catholiques17.fr\/souzy\/?p=7244"},"modified":"2025-07-28T09:13:35","modified_gmt":"2025-07-28T07:13:35","slug":"hommage-a-notre-amie-annie-wellens","status":"publish","type":"post","link":"https:\/\/catholiques17.fr\/souzy\/hommage-a-notre-amie-annie-wellens\/","title":{"rendered":"Hommage \u00e0 notre amie Annie Wellens"},"content":{"rendered":"\n<div style=\"height:68px\" aria-hidden=\"true\" class=\"wp-block-spacer\"><\/div>\n\n\n\n<p>Au nom du centre culturel dioc\u00e9sain Jean-Baptiste Souzy o\u00f9 nous sommes plusieurs \u00e0 avoir eu la chance de travailler avec Annie sur divers projets, je me permets de vous partager ces quelques mots.<\/p>\n\n\n\n<p><br>Annie, son regard sur le monde n\u2019\u00e9tait pas celui de l\u2019indignation ou d\u2019une acceptation de l\u2019in\u00e9luctable mais bien celui d\u2019une sorte de r\u00e9volte contre l\u2019inertie du monde, une \u00ab insurrection \u00bb permanente pour faire bouger les lignes et les ch\u00e2teaux r\u00e9serv\u00e9s. Elle comprenait que le monde et ses embarras, les blocages, les bastions imprenables pouvaient et devaient \u00eatre accompagn\u00e9s pour \u00eatre conquis.<br>Son humour offusqu\u00e9 nous lan\u00e7ait sur les pistes d\u2019un probl\u00e8me, le scandale d\u2019une question qu\u2019elle nous pr\u00e9sentait comme important et n\u00e9cessaire \u00e0 r\u00e9soudre. Et que l\u2019on ne devait en atteindre la conclusion ou de d\u00e9finitives synth\u00e8ses mais qu\u2019on se devait de cr\u00e9er des liaisons, des rapports entre les gens et les faits pour \u00eatre au c\u0153ur du sujet.<\/p>\n\n\n\n<p><br>Il fallait alors ouvrir une clairi\u00e8re de lucidit\u00e9, d\u00e9gager les pistes de r\u00e9flexion, d\u2019action et de m\u00e9diation vers un public fid\u00e8le et \u00e9largi. Trouver les intervenants comp\u00e9tents, pr\u00e9senter les pistes, les choix \u00e0 faire pour la pr\u00e9sentation de la soir\u00e9e en vue d\u2019enrichir les apports et le savoir pour une forme de vie \u00e9clair\u00e9e de valeurs spirituelles et \u00e9thique communes. Arriver \u00e0 jouer le r\u00f4le de passeur, d\u2019informateur pour donner envie de d\u00e9couvrir, de partager et d\u2019agir pour une vie meilleure : soif de transmettre et d\u2019apprendre, telle est la mission qu\u2019Annie avait pour elle-m\u00eame et pour les autres dans ce travail de pr\u00e9paration des soir\u00e9es des Forum de Souzy.<\/p>\n\n\n\n<p><br>Toujours dans une grande humilit\u00e9, elle \u00e9tait attentionn\u00e9e \u00e0 chacun et avait  toujours le mot juste. La profondeur et la pertinence de ses partages, la richesse souvent inattendue de ses lectures et son carnet d\u2019adresse nous manqueront.<br><\/p>\n\n\n\n<p>La derni\u00e8re conf\u00e9rence de mai dernier \u00e0 laquelle elle avait largement collabor\u00e9 avait pour th\u00e8me : Esp\u00e9rer dans la R\u00e9surrection. Cette esp\u00e9rance nous aide \u00e0 surmonter la grande tristesse qui nous envahit ces jours-ci. Annie \u00e9tait sans cesse dans le partage et elle aimait la convivialit\u00e9 simple et fraternelle. On savait son ancrage ancestral dans le marais et sur les rives de la S\u00e8vre. D\u00e9sormais on passera autrement \u00e0 Marans en pensant \u00e0 tout ce qu\u2019elle nous a apport\u00e9.<\/p>\n","protected":false},"excerpt":{"rendered":"<p>Au nom du centre culturel dioc\u00e9sain Jean-Baptiste Souzy o\u00f9 nous sommes plusieurs \u00e0 avoir eu la chance de travailler avec Annie sur divers projets, je me permets de vous partager [&hellip;]<\/p>\n","protected":false},"author":4,"featured_media":6649,"comment_status":"open","ping_status":"open","sticky":false,"template":"","format":"standard","meta":{"_et_pb_use_builder":"off","_et_pb_old_content":"","_et_gb_content_width":"","footnotes":""},"categories":[6],"tags":[],"class_list":["post-7244","post","type-post","status-publish","format-standard","has-post-thumbnail","hentry","category-actualite"],"_links":{"self":[{"href":"https:\/\/catholiques17.fr\/souzy\/wp-json\/wp\/v2\/posts\/7244","targetHints":{"allow":["GET"]}}],"collection":[{"href":"https:\/\/catholiques17.fr\/souzy\/wp-json\/wp\/v2\/posts"}],"about":[{"href":"https:\/\/catholiques17.fr\/souzy\/wp-json\/wp\/v2\/types\/post"}],"author":[{"embeddable":true,"href":"https:\/\/catholiques17.fr\/souzy\/wp-json\/wp\/v2\/users\/4"}],"replies":[{"embeddable":true,"href":"https:\/\/catholiques17.fr\/souzy\/wp-json\/wp\/v2\/comments?post=7244"}],"version-history":[{"count":2,"href":"https:\/\/catholiques17.fr\/souzy\/wp-json\/wp\/v2\/posts\/7244\/revisions"}],"predecessor-version":[{"id":7246,"href":"https:\/\/catholiques17.fr\/souzy\/wp-json\/wp\/v2\/posts\/7244\/revisions\/7246"}],"wp:featuredmedia":[{"embeddable":true,"href":"https:\/\/catholiques17.fr\/souzy\/wp-json\/wp\/v2\/media\/6649"}],"wp:attachment":[{"href":"https:\/\/catholiques17.fr\/souzy\/wp-json\/wp\/v2\/media?parent=7244"}],"wp:term":[{"taxonomy":"category","embeddable":true,"href":"https:\/\/catholiques17.fr\/souzy\/wp-json\/wp\/v2\/categories?post=7244"},{"taxonomy":"post_tag","embeddable":true,"href":"https:\/\/catholiques17.fr\/souzy\/wp-json\/wp\/v2\/tags?post=7244"}],"curies":[{"name":"wp","href":"https:\/\/api.w.org\/{rel}","templated":true}]}}