{"id":7224,"date":"2025-07-02T16:51:46","date_gmt":"2025-07-02T14:51:46","guid":{"rendered":"https:\/\/catholiques17.fr\/souzy\/?p=7224"},"modified":"2025-07-02T16:51:47","modified_gmt":"2025-07-02T14:51:47","slug":"fermeture-estivale","status":"publish","type":"post","link":"https:\/\/catholiques17.fr\/souzy\/fermeture-estivale\/","title":{"rendered":"Fermeture estivale"},"content":{"rendered":"\n<div style=\"height:75px\" aria-hidden=\"true\" class=\"wp-block-spacer\"><\/div>\n\n\n\n<p class=\"has-text-align-center\"><strong>La maison de la Parole, apr\u00e8s une ann\u00e9e riche en propositions diverses, se met en vacances !<\/strong><\/p>\n\n\n\n<div style=\"height:75px\" aria-hidden=\"true\" class=\"wp-block-spacer\"><\/div>\n\n\n\n<p class=\"has-text-align-center\"><\/p>\n\n\n\n<p>A compter du 30 juin et jusqu&rsquo;au 1er septembre, ses locaux seront ferm\u00e9s.<\/p>\n\n\n\n<p>Consultez d\u00e8s \u00e0 pr\u00e9sent  les dates programm\u00e9es par l&rsquo;\u00e9quipe de direction dans notre calendrier en ligne (colonne de droite du site internet) et inscrivez-vous \u00e0 notre lettre d&rsquo;information pour \u00eatre inform\u00e9 r\u00e9guli\u00e8rement des activit\u00e9s \u00e0 venir !<\/p>\n","protected":false},"excerpt":{"rendered":"<p>La maison de la Parole, apr\u00e8s une ann\u00e9e riche en propositions diverses, se met en vacances ! A compter du 30 juin et jusqu&rsquo;au 1er septembre, ses locaux seront ferm\u00e9s. [&hellip;]<\/p>\n","protected":false},"author":4,"featured_media":6695,"comment_status":"open","ping_status":"open","sticky":false,"template":"","format":"standard","meta":{"_et_pb_use_builder":"off","_et_pb_old_content":"","_et_gb_content_width":"","footnotes":""},"categories":[6],"tags":[],"class_list":["post-7224","post","type-post","status-publish","format-standard","has-post-thumbnail","hentry","category-actualite"],"_links":{"self":[{"href":"https:\/\/catholiques17.fr\/souzy\/wp-json\/wp\/v2\/posts\/7224","targetHints":{"allow":["GET"]}}],"collection":[{"href":"https:\/\/catholiques17.fr\/souzy\/wp-json\/wp\/v2\/posts"}],"about":[{"href":"https:\/\/catholiques17.fr\/souzy\/wp-json\/wp\/v2\/types\/post"}],"author":[{"embeddable":true,"href":"https:\/\/catholiques17.fr\/souzy\/wp-json\/wp\/v2\/users\/4"}],"replies":[{"embeddable":true,"href":"https:\/\/catholiques17.fr\/souzy\/wp-json\/wp\/v2\/comments?post=7224"}],"version-history":[{"count":1,"href":"https:\/\/catholiques17.fr\/souzy\/wp-json\/wp\/v2\/posts\/7224\/revisions"}],"predecessor-version":[{"id":7225,"href":"https:\/\/catholiques17.fr\/souzy\/wp-json\/wp\/v2\/posts\/7224\/revisions\/7225"}],"wp:featuredmedia":[{"embeddable":true,"href":"https:\/\/catholiques17.fr\/souzy\/wp-json\/wp\/v2\/media\/6695"}],"wp:attachment":[{"href":"https:\/\/catholiques17.fr\/souzy\/wp-json\/wp\/v2\/media?parent=7224"}],"wp:term":[{"taxonomy":"category","embeddable":true,"href":"https:\/\/catholiques17.fr\/souzy\/wp-json\/wp\/v2\/categories?post=7224"},{"taxonomy":"post_tag","embeddable":true,"href":"https:\/\/catholiques17.fr\/souzy\/wp-json\/wp\/v2\/tags?post=7224"}],"curies":[{"name":"wp","href":"https:\/\/api.w.org\/{rel}","templated":true}]}}