{"id":7212,"date":"2025-05-13T11:46:00","date_gmt":"2025-05-13T09:46:00","guid":{"rendered":"https:\/\/catholiques17.fr\/souzy\/?p=7212"},"modified":"2025-06-20T10:06:57","modified_gmt":"2025-06-20T08:06:57","slug":"report-de-la-soiree-vin-et-litterature","status":"publish","type":"post","link":"https:\/\/catholiques17.fr\/souzy\/report-de-la-soiree-vin-et-litterature\/","title":{"rendered":"26 septembre :  soir\u00e9e \u00ab\u00a0Vin et litt\u00e9rature\u00a0\u00bb"},"content":{"rendered":"\n<div style=\"height:100px\" aria-hidden=\"true\" class=\"wp-block-spacer\"><\/div>\n\n\n\n<p class=\"has-text-align-left\"><strong>Le vin et la litt\u00e9rature ont toujours fait bon m\u00e9nage&nbsp;!<\/strong>&nbsp;C\u2019est la raison pour laquelle nous vous avons concoct\u00e9 une soir\u00e9e sp\u00e9ciale o\u00f9 les deux vont se m\u00ealer et se nourrir&nbsp;mutuellement&nbsp;tandis que vous pourrez vous d\u00e9salt\u00e9rer et picorer de bonnes choses.<\/p>\n\n\n\n<p class=\"has-text-align-left\">Des intervenants, familiers des deux domaines, vous guideront dans&nbsp;ce voyage vinicolo-culturel, pour lequel, si vous \u00eates&nbsp;tent\u00e9, il est n\u00e9cessaire de r\u00e9server sa place au comptoir.<\/p>\n\n\n\n<p class=\"has-text-align-left\">Le vin sera celui de \u00ab&nbsp;la joie du vin&nbsp;\u00bb, partenaire de la soir\u00e9e.&nbsp;Vous pourrez, non seulement go\u00fbter ces bons produits de notre terroir, mais aussi les acheter&nbsp;!<\/p>\n\n\n\n<div style=\"height:56px\" aria-hidden=\"true\" class=\"wp-block-spacer\"><\/div>\n\n\n\n<p class=\"has-text-align-center\">Pour des questions d\u2019organisation il est important de s\u2019inscrire \u00e0 l\u2019avance !<\/p>\n\n\n\n<div style=\"height:41px\" aria-hidden=\"true\" class=\"wp-block-spacer\"><\/div>\n\n\n\n<div class=\"wp-block-buttons is-content-justification-center is-layout-flex wp-container-core-buttons-is-layout-16018d1d wp-block-buttons-is-layout-flex\">\n<div class=\"wp-block-button is-style-outline is-style-outline--1\"><a class=\"wp-block-button__link has-vivid-red-color has-text-color has-link-color wp-element-button\" href=\"https:\/\/association-diocesaine.assoconnect.com\/collect\/description\/546121-l-soiree-vin-et-litterature-26-septembre-2025-a-la-maison-de-la-parole-jean-baptiste-souzy\" target=\"_blank\" rel=\"noreferrer noopener\">Inscription en ligne<\/a><\/div>\n<\/div>\n\n\n\n<div style=\"height:49px\" aria-hidden=\"true\" class=\"wp-block-spacer\"><\/div>\n\n\n\n<p class=\"has-text-align-center\">Il est \u00e9galement possible de r\u00e9server par<a href=\"mailto:jbsouzy@wanadoo.fr\" target=\"_blank\" rel=\"noreferrer noopener\">\u00a0mail<\/a>\u00a0ou par t\u00e9l\u00e9phone 05 46 44 77 13 \u2013 R\u00e8glement par ch\u00e8que ou esp\u00e8ces<\/p>\n\n\n\n<div style=\"height:54px\" aria-hidden=\"true\" class=\"wp-block-spacer\"><\/div>\n","protected":false},"excerpt":{"rendered":"<p>Le vin et la litt\u00e9rature ont toujours fait bon m\u00e9nage&nbsp;!&nbsp;C\u2019est la raison pour laquelle nous vous avons concoct\u00e9 une soir\u00e9e sp\u00e9ciale o\u00f9 les deux vont se m\u00ealer et se nourrir&nbsp;mutuellement&nbsp;tandis [&hellip;]<\/p>\n","protected":false},"author":4,"featured_media":7218,"comment_status":"open","ping_status":"open","sticky":false,"template":"","format":"standard","meta":{"_et_pb_use_builder":"off","_et_pb_old_content":"","_et_gb_content_width":"","footnotes":""},"categories":[6],"tags":[],"class_list":["post-7212","post","type-post","status-publish","format-standard","has-post-thumbnail","hentry","category-actualite"],"_links":{"self":[{"href":"https:\/\/catholiques17.fr\/souzy\/wp-json\/wp\/v2\/posts\/7212","targetHints":{"allow":["GET"]}}],"collection":[{"href":"https:\/\/catholiques17.fr\/souzy\/wp-json\/wp\/v2\/posts"}],"about":[{"href":"https:\/\/catholiques17.fr\/souzy\/wp-json\/wp\/v2\/types\/post"}],"author":[{"embeddable":true,"href":"https:\/\/catholiques17.fr\/souzy\/wp-json\/wp\/v2\/users\/4"}],"replies":[{"embeddable":true,"href":"https:\/\/catholiques17.fr\/souzy\/wp-json\/wp\/v2\/comments?post=7212"}],"version-history":[{"count":3,"href":"https:\/\/catholiques17.fr\/souzy\/wp-json\/wp\/v2\/posts\/7212\/revisions"}],"predecessor-version":[{"id":7221,"href":"https:\/\/catholiques17.fr\/souzy\/wp-json\/wp\/v2\/posts\/7212\/revisions\/7221"}],"wp:featuredmedia":[{"embeddable":true,"href":"https:\/\/catholiques17.fr\/souzy\/wp-json\/wp\/v2\/media\/7218"}],"wp:attachment":[{"href":"https:\/\/catholiques17.fr\/souzy\/wp-json\/wp\/v2\/media?parent=7212"}],"wp:term":[{"taxonomy":"category","embeddable":true,"href":"https:\/\/catholiques17.fr\/souzy\/wp-json\/wp\/v2\/categories?post=7212"},{"taxonomy":"post_tag","embeddable":true,"href":"https:\/\/catholiques17.fr\/souzy\/wp-json\/wp\/v2\/tags?post=7212"}],"curies":[{"name":"wp","href":"https:\/\/api.w.org\/{rel}","templated":true}]}}