{"id":7207,"date":"2025-05-12T09:29:17","date_gmt":"2025-05-12T07:29:17","guid":{"rendered":"https:\/\/catholiques17.fr\/souzy\/?p=7207"},"modified":"2025-05-12T09:30:01","modified_gmt":"2025-05-12T07:30:01","slug":"inauguration-du-vitrail-de-souzy","status":"publish","type":"post","link":"https:\/\/catholiques17.fr\/souzy\/inauguration-du-vitrail-de-souzy\/","title":{"rendered":"Mercredi 4 juin : Inauguration du vitrail de Souzy"},"content":{"rendered":"\n<div style=\"height:70px\" aria-hidden=\"true\" class=\"wp-block-spacer\"><\/div>\n\n\n\n<p>Alexa, artiste en vitrail, d\u00e9voilera le <strong>4 juin \u00e0 18h30<\/strong> son \u0153uvre qui sera positionn\u00e9e dans la salle de la rotonde de la Maison de la Parole Jean-Baptiste Souzy.<\/p>\n\n\n\n<p>Ce sera une belle occasion de positionner ce centre culturel dioc\u00e9sain au cours de son projet initial qui est de donner la parole \u00e0 tous les arts car ils parlent au monde \u00e0 travers tous nos sens.<\/p>\n\n\n\n<p>Lors de cette soir\u00e9e tous les donateurs qui ont particip\u00e9<a href=\"https:\/\/donnons-catholiques17.fr\/projets\/un-vitrail-pour-le-centre-souzy-a-la-rochelle\/\" target=\"_blank\" rel=\"noreferrer noopener\"> \u00e0 la souscription en ligne&nbsp;<\/a>pour financer le projet seront bien invit\u00e9s mais aussi&nbsp;tous ceux et celles pour qui le centre Souzy est un lieu d\u2019\u00e9change,de rencontre fraternelle et d\u2019approfondissement de la foi.<\/p>\n\n\n\n<p>D\u00e8s 18h30 ce mercredi 4 juin, nous d\u00e9couvrirons ensemble cette \u0153uvre ; un ap\u00e9ritif convivial et fraternel suivra.<\/p>\n","protected":false},"excerpt":{"rendered":"<p>Alexa, artiste en vitrail, d\u00e9voilera le 4 juin \u00e0 18h30 son \u0153uvre qui sera positionn\u00e9e dans la salle de la rotonde de la Maison de la Parole Jean-Baptiste Souzy. Ce [&hellip;]<\/p>\n","protected":false},"author":4,"featured_media":7176,"comment_status":"open","ping_status":"open","sticky":false,"template":"","format":"standard","meta":{"_et_pb_use_builder":"off","_et_pb_old_content":"","_et_gb_content_width":"","footnotes":""},"categories":[6],"tags":[],"class_list":["post-7207","post","type-post","status-publish","format-standard","has-post-thumbnail","hentry","category-actualite"],"_links":{"self":[{"href":"https:\/\/catholiques17.fr\/souzy\/wp-json\/wp\/v2\/posts\/7207","targetHints":{"allow":["GET"]}}],"collection":[{"href":"https:\/\/catholiques17.fr\/souzy\/wp-json\/wp\/v2\/posts"}],"about":[{"href":"https:\/\/catholiques17.fr\/souzy\/wp-json\/wp\/v2\/types\/post"}],"author":[{"embeddable":true,"href":"https:\/\/catholiques17.fr\/souzy\/wp-json\/wp\/v2\/users\/4"}],"replies":[{"embeddable":true,"href":"https:\/\/catholiques17.fr\/souzy\/wp-json\/wp\/v2\/comments?post=7207"}],"version-history":[{"count":2,"href":"https:\/\/catholiques17.fr\/souzy\/wp-json\/wp\/v2\/posts\/7207\/revisions"}],"predecessor-version":[{"id":7209,"href":"https:\/\/catholiques17.fr\/souzy\/wp-json\/wp\/v2\/posts\/7207\/revisions\/7209"}],"wp:featuredmedia":[{"embeddable":true,"href":"https:\/\/catholiques17.fr\/souzy\/wp-json\/wp\/v2\/media\/7176"}],"wp:attachment":[{"href":"https:\/\/catholiques17.fr\/souzy\/wp-json\/wp\/v2\/media?parent=7207"}],"wp:term":[{"taxonomy":"category","embeddable":true,"href":"https:\/\/catholiques17.fr\/souzy\/wp-json\/wp\/v2\/categories?post=7207"},{"taxonomy":"post_tag","embeddable":true,"href":"https:\/\/catholiques17.fr\/souzy\/wp-json\/wp\/v2\/tags?post=7207"}],"curies":[{"name":"wp","href":"https:\/\/api.w.org\/{rel}","templated":true}]}}