{"id":7151,"date":"2025-03-28T10:44:34","date_gmt":"2025-03-28T09:44:34","guid":{"rendered":"https:\/\/catholiques17.fr\/souzy\/?p=7151"},"modified":"2025-04-01T17:22:36","modified_gmt":"2025-04-01T15:22:36","slug":"forum-de-souzy-esperer-dans-la-resurrection","status":"publish","type":"post","link":"https:\/\/catholiques17.fr\/souzy\/forum-de-souzy-esperer-dans-la-resurrection\/","title":{"rendered":"Forum de Souzy : Esp\u00e9rer dans la r\u00e9surrection"},"content":{"rendered":"[et_pb_section admin_label=\u00a0\u00bbsection\u00a0\u00bb]\n\t\t\t[et_pb_row admin_label=\u00a0\u00bbrow\u00a0\u00bb]\n\t\t\t\t[et_pb_column type=\u00a0\u00bb4_4&Prime;][et_pb_text admin_label=\u00a0\u00bbText\u00a0\u00bb]\n<div style=\"height:82px\" aria-hidden=\"true\" class=\"wp-block-spacer\"><\/div>\n\n\n\n<p>La foi en la r\u00e9surrection a permis \u00e0 de nombreuses personnes de s\u2019accrocher \u00e0 l\u2019esp\u00e9rance au milieu de la d\u00e9tresse. C\u2019est une source qui nous conduit \u00e0 d\u00e9passer nos propres impossibilit\u00e9s, \u00e0 laisser notre c\u0153ur aller vers les autres et \u00e0 agir. La foi en la r\u00e9surrection de J\u00e9sus demande beaucoup de courage et d\u2019audace. Elle implique l\u2019effort de ne pas nous laisser paralyser par la pr\u00e9sence de la mort et de la destruction qui nous entourent aujourd\u2019hui.<\/p>\n\n\n\n<div style=\"height:46px\" aria-hidden=\"true\" class=\"wp-block-spacer\"><\/div>\n\n\n\n<p>Guid\u00e9s par Denis Moreau, philosophe et professeur \u00e0 l&rsquo;Universit\u00e9 de Nantes, ce dernier Forum de l&rsquo;ann\u00e9e nous invitera, comme le pape Fran\u00e7ois \u00e0 l&rsquo;occasion de cette ann\u00e9e jubilaire, \u00e0 d\u00e9passer nos peurs et \u00e0 devenir des p\u00e8lerins d&rsquo;esp\u00e9rance.<\/p>\n[\/et_pb_text][\/et_pb_column]\n\t\t\t[\/et_pb_row]\n\t\t[\/et_pb_section]","protected":false},"excerpt":{"rendered":"<p>La foi en la r\u00e9surrection a permis \u00e0 de nombreuses personnes de s\u2019accrocher \u00e0 l\u2019esp\u00e9rance au milieu de la d\u00e9tresse. C\u2019est une source qui nous conduit \u00e0 d\u00e9passer nos propres [&hellip;]<\/p>\n","protected":false},"author":4,"featured_media":7158,"comment_status":"open","ping_status":"open","sticky":false,"template":"","format":"standard","meta":{"_et_pb_use_builder":"on","_et_pb_old_content":"<!-- wp:spacer {\"height\":\"82px\"} -->\n<div style=\"height:82px\" aria-hidden=\"true\" class=\"wp-block-spacer\"><\/div>\n<!-- \/wp:spacer -->\n\n<!-- wp:paragraph -->\n<p>La foi en la r\u00e9surrection a permis \u00e0 de nombreuses personnes de s\u2019accrocher \u00e0 l\u2019esp\u00e9rance au milieu de la d\u00e9tresse. C\u2019est une source qui nous conduit \u00e0 d\u00e9passer nos propres impossibilit\u00e9s, \u00e0 laisser notre c\u0153ur aller vers les autres et \u00e0 agir. La foi en la r\u00e9surrection de J\u00e9sus demande beaucoup de courage et d\u2019audace. Elle implique l\u2019effort de ne pas nous laisser paralyser par la pr\u00e9sence de la mort et de la destruction qui nous entourent aujourd\u2019hui.<\/p>\n<!-- \/wp:paragraph -->\n\n<!-- wp:spacer {\"height\":\"46px\"} -->\n<div style=\"height:46px\" aria-hidden=\"true\" class=\"wp-block-spacer\"><\/div>\n<!-- \/wp:spacer -->\n\n<!-- wp:paragraph -->\n<p>Guid\u00e9s par Denis Moreau, philosophe et professeur \u00e0 l'Universit\u00e9 de Nantes, ce dernier Forum de l'ann\u00e9e nous invitera, comme le pape Fran\u00e7ois \u00e0 l'occasion de cette ann\u00e9e jubilaire, \u00e0 d\u00e9passer nos peurs et \u00e0 devenir des p\u00e8lerins d'esp\u00e9rance.<\/p>\n<!-- \/wp:paragraph -->","_et_gb_content_width":"","footnotes":""},"categories":[6,20],"tags":[],"class_list":["post-7151","post","type-post","status-publish","format-standard","has-post-thumbnail","hentry","category-actualite","category-forum"],"_links":{"self":[{"href":"https:\/\/catholiques17.fr\/souzy\/wp-json\/wp\/v2\/posts\/7151","targetHints":{"allow":["GET"]}}],"collection":[{"href":"https:\/\/catholiques17.fr\/souzy\/wp-json\/wp\/v2\/posts"}],"about":[{"href":"https:\/\/catholiques17.fr\/souzy\/wp-json\/wp\/v2\/types\/post"}],"author":[{"embeddable":true,"href":"https:\/\/catholiques17.fr\/souzy\/wp-json\/wp\/v2\/users\/4"}],"replies":[{"embeddable":true,"href":"https:\/\/catholiques17.fr\/souzy\/wp-json\/wp\/v2\/comments?post=7151"}],"version-history":[{"count":2,"href":"https:\/\/catholiques17.fr\/souzy\/wp-json\/wp\/v2\/posts\/7151\/revisions"}],"predecessor-version":[{"id":7163,"href":"https:\/\/catholiques17.fr\/souzy\/wp-json\/wp\/v2\/posts\/7151\/revisions\/7163"}],"wp:featuredmedia":[{"embeddable":true,"href":"https:\/\/catholiques17.fr\/souzy\/wp-json\/wp\/v2\/media\/7158"}],"wp:attachment":[{"href":"https:\/\/catholiques17.fr\/souzy\/wp-json\/wp\/v2\/media?parent=7151"}],"wp:term":[{"taxonomy":"category","embeddable":true,"href":"https:\/\/catholiques17.fr\/souzy\/wp-json\/wp\/v2\/categories?post=7151"},{"taxonomy":"post_tag","embeddable":true,"href":"https:\/\/catholiques17.fr\/souzy\/wp-json\/wp\/v2\/tags?post=7151"}],"curies":[{"name":"wp","href":"https:\/\/api.w.org\/{rel}","templated":true}]}}