{"id":7038,"date":"2024-12-25T14:57:07","date_gmt":"2024-12-25T13:57:07","guid":{"rendered":"https:\/\/catholiques17.fr\/souzy\/?p=7038"},"modified":"2025-01-13T17:05:38","modified_gmt":"2025-01-13T16:05:38","slug":"forum-de-souzy-les-migrations-opportunites-ou-risques","status":"publish","type":"post","link":"https:\/\/catholiques17.fr\/souzy\/forum-de-souzy-les-migrations-opportunites-ou-risques\/","title":{"rendered":"Forum de Souzy : Les migrations, opportunit\u00e9s ou risques ?"},"content":{"rendered":"\n<div style=\"height:51px\" aria-hidden=\"true\" class=\"wp-block-spacer\"><\/div>\n\n\n\n<p class=\"has-text-align-center\"><strong>Deux intervenants viendront nous apporter leur \u00e9clairage sur cette grand question des migrations :<\/strong><\/p>\n\n\n\n<ul class=\"wp-block-list\">\n<li>Olivier Clochard :&nbsp; G\u00e9ographe, charg\u00e9 de recherche au CNRS, directeur de Migrinter&nbsp;\u00ab\u00a0Migrations internationales : espaces et soci\u00e9t\u00e9s\u00a0\u00bb<\/li>\n\n\n\n<li>Marcela Villalobos Cid : Coordinatrice nationale du R\u00e9seau Pastorale des Migrants (Conf\u00e9rence des \u00c9v\u00eaques de France) et coordinatrice France du Service j\u00e9suite des r\u00e9fugi\u00e9s. Elle a \u00e9tudi\u00e9 le droit \u00e0 l&rsquo;Universit\u00e9 Autonome de Quer\u00e9taro (Mexique), et a obtenu une ma\u00eetrise en d\u00e9veloppement communautaire \u00e0 l&rsquo;Universit\u00e9 Concordia (Montr\u00e9al, Canada) et en solidarit\u00e9 et action internationale \u00e0 l&rsquo;Institut catholique de Paris. Elle a travaill\u00e9 pour la pastorale sociale du dioc\u00e8se de Montr\u00e9al, avec une attention particuli\u00e8re pour les populations \u00e0 risque et les migrants latino-am\u00e9ricains ; en France, elle a travaill\u00e9 pour le Secours Catholique Caritas France et le Service J\u00e9suite des R\u00e9fugi\u00e9s France. Elle travaille actuellement comme coordinatrice nationale des d\u00e9l\u00e9gu\u00e9s de la pastorale des migrants au sein de la Conf\u00e9rence des \u00c9v\u00eaques de France. Ses domaines de comp\u00e9tence sont les migrations, l\u2019hospitalit\u00e9 et l&rsquo;interculturalit\u00e9.<\/li>\n<\/ul>\n\n\n\n<div style=\"height:38px\" aria-hidden=\"true\" class=\"wp-block-spacer\"><\/div>\n\n\n\n<p><\/p>\n\n\n\n<p class=\"has-white-color has-vivid-red-background-color has-text-color has-background has-link-color wp-elements-14043fac863f39c80fb1f04af3fc01d8\"><em>Les d\u00e9placements de populations et leurs cons\u00e9quences font partie des peurs qui habitent notre temps et nos d\u00e9bats politiques.\u00a0<\/em><\/p>\n\n\n\n<p class=\"has-white-color has-vivid-red-background-color has-text-color has-background has-link-color wp-elements-7b5305c74fa6ad02abcafece4ded01ea\"><em>Que peut-on en dire, tant des ph\u00e9nom\u00e8nes migratoires actuels que de ceux \u00e0 venir ?\u00a0<\/em><\/p>\n\n\n\n<p class=\"has-white-color has-vivid-red-background-color has-text-color has-background has-link-color wp-elements-85b949c61270347cafe618472f179427\"><em>Quels sont les grands enjeux auxquels nous devons r\u00e9pondre ?<\/em><\/p>\n\n\n\n<p><\/p>\n\n\n\n<p><\/p>\n\n\n\n<div style=\"height:47px\" aria-hidden=\"true\" class=\"wp-block-spacer\"><\/div>\n\n\n\n<p class=\"has-text-align-center\"><strong>RENDEZ-VOUS LE MERCREDI 29 JANVIER \u00c0 20H00 \u00c0 LA MAISON DE LA PAROLE JB SOUZY<\/strong><\/p>\n","protected":false},"excerpt":{"rendered":"<p>Deux intervenants viendront nous apporter leur \u00e9clairage sur cette grand question des migrations : Les d\u00e9placements de populations et leurs cons\u00e9quences font partie des peurs qui habitent notre temps et [&hellip;]<\/p>\n","protected":false},"author":4,"featured_media":7060,"comment_status":"open","ping_status":"open","sticky":false,"template":"","format":"standard","meta":{"_et_pb_use_builder":"off","_et_pb_old_content":"","_et_gb_content_width":"","footnotes":""},"categories":[6,20],"tags":[],"class_list":["post-7038","post","type-post","status-publish","format-standard","has-post-thumbnail","hentry","category-actualite","category-forum"],"_links":{"self":[{"href":"https:\/\/catholiques17.fr\/souzy\/wp-json\/wp\/v2\/posts\/7038","targetHints":{"allow":["GET"]}}],"collection":[{"href":"https:\/\/catholiques17.fr\/souzy\/wp-json\/wp\/v2\/posts"}],"about":[{"href":"https:\/\/catholiques17.fr\/souzy\/wp-json\/wp\/v2\/types\/post"}],"author":[{"embeddable":true,"href":"https:\/\/catholiques17.fr\/souzy\/wp-json\/wp\/v2\/users\/4"}],"replies":[{"embeddable":true,"href":"https:\/\/catholiques17.fr\/souzy\/wp-json\/wp\/v2\/comments?post=7038"}],"version-history":[{"count":5,"href":"https:\/\/catholiques17.fr\/souzy\/wp-json\/wp\/v2\/posts\/7038\/revisions"}],"predecessor-version":[{"id":7058,"href":"https:\/\/catholiques17.fr\/souzy\/wp-json\/wp\/v2\/posts\/7038\/revisions\/7058"}],"wp:featuredmedia":[{"embeddable":true,"href":"https:\/\/catholiques17.fr\/souzy\/wp-json\/wp\/v2\/media\/7060"}],"wp:attachment":[{"href":"https:\/\/catholiques17.fr\/souzy\/wp-json\/wp\/v2\/media?parent=7038"}],"wp:term":[{"taxonomy":"category","embeddable":true,"href":"https:\/\/catholiques17.fr\/souzy\/wp-json\/wp\/v2\/categories?post=7038"},{"taxonomy":"post_tag","embeddable":true,"href":"https:\/\/catholiques17.fr\/souzy\/wp-json\/wp\/v2\/tags?post=7038"}],"curies":[{"name":"wp","href":"https:\/\/api.w.org\/{rel}","templated":true}]}}