{"id":7018,"date":"2024-11-28T14:49:10","date_gmt":"2024-11-28T13:49:10","guid":{"rendered":"https:\/\/catholiques17.fr\/souzy\/?p=7018"},"modified":"2024-12-12T09:09:00","modified_gmt":"2024-12-12T08:09:00","slug":"expos-de-souzy-icones-daujourdhui","status":"publish","type":"post","link":"https:\/\/catholiques17.fr\/souzy\/expos-de-souzy-icones-daujourdhui\/","title":{"rendered":"[Expos de Souzy] &#8211; Ic\u00f4nes d&rsquo;aujourd&rsquo;hui"},"content":{"rendered":"\n<div style=\"height:74px\" aria-hidden=\"true\" class=\"wp-block-spacer\"><\/div>\n\n\n\n<p>Une nouvelle exposition vous est propos\u00e9e \u00e0 partir du lundi 2 d\u00e9cembre, salle de la rotonde, \u00e0 la Maison de la Parole JB Souzy : les ic\u00f4nes d&rsquo;aujourd&rsquo;hui, \u00e9crites par un iconographe local, Vincent Langlois.<\/p>\n\n\n\n<p>En compl\u00e9ment de cette exposition, une conf\u00e9rence sur le monde de l&rsquo;ic\u00f4ne est organis\u00e9e le mardi 10 d\u00e9cembre \u00e0 20h (Maison de la Parole).<\/p>\n\n\n\n<div style=\"height:52px\" aria-hidden=\"true\" class=\"wp-block-spacer\"><\/div>\n\n\n\n<p class=\"has-text-align-center has-white-color has-vivid-red-background-color has-text-color has-background has-link-color wp-elements-0f40feb274cc2fa35b21d8b83ec21d0b\">Pour toute visite de l&rsquo;exposition durant les apr\u00e8s-midi en semaine entre 15h et 18h, <\/p>\n\n\n\n<p class=\"has-text-align-center has-white-color has-vivid-red-background-color has-text-color has-background has-link-color wp-elements-8020c235176f57f89308615cde28a8d9\">veuillez vous assurer de la disponibilit\u00e9 de la salle en t\u00e9l\u00e9phonant auparavant au 05 46 44 77 13.<\/p>\n","protected":false},"excerpt":{"rendered":"<p>Une nouvelle exposition vous est propos\u00e9e \u00e0 partir du lundi 2 d\u00e9cembre, salle de la rotonde, \u00e0 la Maison de la Parole JB Souzy : les ic\u00f4nes d&rsquo;aujourd&rsquo;hui, \u00e9crites par [&hellip;]<\/p>\n","protected":false},"author":4,"featured_media":7001,"comment_status":"open","ping_status":"open","sticky":false,"template":"","format":"standard","meta":{"_et_pb_use_builder":"off","_et_pb_old_content":"","_et_gb_content_width":"","footnotes":""},"categories":[6,16],"tags":[],"class_list":["post-7018","post","type-post","status-publish","format-standard","has-post-thumbnail","hentry","category-actualite","category-exposition"],"_links":{"self":[{"href":"https:\/\/catholiques17.fr\/souzy\/wp-json\/wp\/v2\/posts\/7018","targetHints":{"allow":["GET"]}}],"collection":[{"href":"https:\/\/catholiques17.fr\/souzy\/wp-json\/wp\/v2\/posts"}],"about":[{"href":"https:\/\/catholiques17.fr\/souzy\/wp-json\/wp\/v2\/types\/post"}],"author":[{"embeddable":true,"href":"https:\/\/catholiques17.fr\/souzy\/wp-json\/wp\/v2\/users\/4"}],"replies":[{"embeddable":true,"href":"https:\/\/catholiques17.fr\/souzy\/wp-json\/wp\/v2\/comments?post=7018"}],"version-history":[{"count":2,"href":"https:\/\/catholiques17.fr\/souzy\/wp-json\/wp\/v2\/posts\/7018\/revisions"}],"predecessor-version":[{"id":7020,"href":"https:\/\/catholiques17.fr\/souzy\/wp-json\/wp\/v2\/posts\/7018\/revisions\/7020"}],"wp:featuredmedia":[{"embeddable":true,"href":"https:\/\/catholiques17.fr\/souzy\/wp-json\/wp\/v2\/media\/7001"}],"wp:attachment":[{"href":"https:\/\/catholiques17.fr\/souzy\/wp-json\/wp\/v2\/media?parent=7018"}],"wp:term":[{"taxonomy":"category","embeddable":true,"href":"https:\/\/catholiques17.fr\/souzy\/wp-json\/wp\/v2\/categories?post=7018"},{"taxonomy":"post_tag","embeddable":true,"href":"https:\/\/catholiques17.fr\/souzy\/wp-json\/wp\/v2\/tags?post=7018"}],"curies":[{"name":"wp","href":"https:\/\/api.w.org\/{rel}","templated":true}]}}