{"id":7000,"date":"2024-11-22T09:40:29","date_gmt":"2024-11-22T08:40:29","guid":{"rendered":"https:\/\/catholiques17.fr\/souzy\/?p=7000"},"modified":"2024-11-22T09:40:30","modified_gmt":"2024-11-22T08:40:30","slug":"conference-le-monde-de-licone","status":"publish","type":"post","link":"https:\/\/catholiques17.fr\/souzy\/conference-le-monde-de-licone\/","title":{"rendered":"Conf\u00e9rence : le monde de l&rsquo;ic\u00f4ne"},"content":{"rendered":"\n<div style=\"height:43px\" aria-hidden=\"true\" class=\"wp-block-spacer\"><\/div>\n\n\n\n<p>Vincent Langlois, artiste peintre et iconographe, nous pr\u00e9sente dans cette conf\u00e9rence le monde de l&rsquo;ic\u00f4ne.<\/p>\n\n\n\n<p>Art Chr\u00e9tien issu du monde byzantin et encore vivant de nos jours, l&rsquo;ic\u00f4ne nous interpelle par sa pr\u00e9sence. Seront abord\u00e9s l&rsquo;histoire de l&rsquo;ic\u00f4ne, puis des \u00e9l\u00e9ments li\u00e9s \u00e0 la th\u00e9ologie et \u00e0 l&rsquo;esth\u00e9tique particuli\u00e8res des ic\u00f4nes. Enfin sera pr\u00e9sent\u00e9e la technique propre \u00e0 la r\u00e9alisation et \u00e0 l&rsquo;\u00e9criture de l&rsquo;ic\u00f4ne.<\/p>\n\n\n\n<div style=\"height:27px\" aria-hidden=\"true\" class=\"wp-block-spacer\"><\/div>\n\n\n\n<p><\/p>\n\n\n\n<p class=\"has-text-align-center has-white-color has-vivid-red-background-color has-text-color has-background has-link-color wp-elements-d0f000fedbe276d18043b743137158e3\">Rendez-vous le mardi 10 d\u00e9cembre \u00e0 20h \u00e0 la maison de la Parole JB Souzy<\/p>\n\n\n\n<div style=\"height:32px\" aria-hidden=\"true\" class=\"wp-block-spacer\"><\/div>\n\n\n\n<p class=\"has-text-align-center\">Une exposition d&rsquo;ic\u00f4nes \u00e9crites par Vincent Langlois sera visible salle de la rotonde du 2 d\u00e9cembre au 22 janvier<\/p>\n\n\n\n<div style=\"height:18px\" aria-hidden=\"true\" class=\"wp-block-spacer\"><\/div>\n\n\n\n<figure class=\"wp-block-image aligncenter size-full\"><img loading=\"lazy\" decoding=\"async\" width=\"566\" height=\"800\" src=\"https:\/\/catholiques17.fr\/souzy\/wp-content\/uploads\/sites\/28\/2024\/11\/Expo-icones.png\" alt=\"\" class=\"wp-image-7001\" srcset=\"https:\/\/catholiques17.fr\/souzy\/wp-content\/uploads\/sites\/28\/2024\/11\/Expo-icones.png 566w, https:\/\/catholiques17.fr\/souzy\/wp-content\/uploads\/sites\/28\/2024\/11\/Expo-icones-480x678.png 480w\" sizes=\"(min-width: 0px) and (max-width: 480px) 480px, (min-width: 481px) 566px, 100vw\" \/><\/figure>\n","protected":false},"excerpt":{"rendered":"<p>Vincent Langlois, artiste peintre et iconographe, nous pr\u00e9sente dans cette conf\u00e9rence le monde de l&rsquo;ic\u00f4ne. Art Chr\u00e9tien issu du monde byzantin et encore vivant de nos jours, l&rsquo;ic\u00f4ne nous interpelle [&hellip;]<\/p>\n","protected":false},"author":4,"featured_media":7002,"comment_status":"open","ping_status":"open","sticky":false,"template":"","format":"standard","meta":{"_et_pb_use_builder":"off","_et_pb_old_content":"","_et_gb_content_width":"","footnotes":""},"categories":[6],"tags":[],"class_list":["post-7000","post","type-post","status-publish","format-standard","has-post-thumbnail","hentry","category-actualite"],"_links":{"self":[{"href":"https:\/\/catholiques17.fr\/souzy\/wp-json\/wp\/v2\/posts\/7000","targetHints":{"allow":["GET"]}}],"collection":[{"href":"https:\/\/catholiques17.fr\/souzy\/wp-json\/wp\/v2\/posts"}],"about":[{"href":"https:\/\/catholiques17.fr\/souzy\/wp-json\/wp\/v2\/types\/post"}],"author":[{"embeddable":true,"href":"https:\/\/catholiques17.fr\/souzy\/wp-json\/wp\/v2\/users\/4"}],"replies":[{"embeddable":true,"href":"https:\/\/catholiques17.fr\/souzy\/wp-json\/wp\/v2\/comments?post=7000"}],"version-history":[{"count":1,"href":"https:\/\/catholiques17.fr\/souzy\/wp-json\/wp\/v2\/posts\/7000\/revisions"}],"predecessor-version":[{"id":7003,"href":"https:\/\/catholiques17.fr\/souzy\/wp-json\/wp\/v2\/posts\/7000\/revisions\/7003"}],"wp:featuredmedia":[{"embeddable":true,"href":"https:\/\/catholiques17.fr\/souzy\/wp-json\/wp\/v2\/media\/7002"}],"wp:attachment":[{"href":"https:\/\/catholiques17.fr\/souzy\/wp-json\/wp\/v2\/media?parent=7000"}],"wp:term":[{"taxonomy":"category","embeddable":true,"href":"https:\/\/catholiques17.fr\/souzy\/wp-json\/wp\/v2\/categories?post=7000"},{"taxonomy":"post_tag","embeddable":true,"href":"https:\/\/catholiques17.fr\/souzy\/wp-json\/wp\/v2\/tags?post=7000"}],"curies":[{"name":"wp","href":"https:\/\/api.w.org\/{rel}","templated":true}]}}