{"id":6985,"date":"2024-11-05T08:55:36","date_gmt":"2024-11-05T07:55:36","guid":{"rendered":"https:\/\/catholiques17.fr\/souzy\/?p=6985"},"modified":"2024-11-05T08:55:40","modified_gmt":"2024-11-05T07:55:40","slug":"forum-de-souzy-les-grandes-peurs-societales","status":"publish","type":"post","link":"https:\/\/catholiques17.fr\/souzy\/forum-de-souzy-les-grandes-peurs-societales\/","title":{"rendered":"Forum de Souzy : les grandes peurs soci\u00e9tales"},"content":{"rendered":"\n<div style=\"height:100px\" aria-hidden=\"true\" class=\"wp-block-spacer\"><\/div>\n\n\n\n<p><strong>Nous vivons de grandes mutations dans beaucoup de domaines, mutations qui ont comme singularit\u00e9 de s&rsquo;op\u00e9rer \u00e0 tr\u00e8s grande vitesse. Ces changements et leur rapidit\u00e9 sont source de peurs.<\/strong><\/p>\n\n\n\n<p>Pourtant, la foi chr\u00e9tienne nous appelle \u00e0 l&rsquo;esp\u00e9rance ! Avons-nous tort d&rsquo;avoir peur ? Sommes-nous les premi\u00e8res g\u00e9n\u00e9rations \u00e0 vivre de telles craintes ? Que nous r\u00e9serve l&rsquo;avenir du monde, de l&rsquo;homme, des sciences ? Et si cela \u00e9tait aussi source d&rsquo;esp\u00e9rance ?<\/p>\n\n\n\n<p><\/p>\n\n\n\n<p>Ce mardi 5 novembre, \u00e0 20h \u00e0 la Maison de la parole JB Souzy, il sera question des grandes peurs soci\u00e9tales avec deux intervenants :<\/p>\n\n\n\n<ul class=\"wp-block-list\">\n<li>Pascal Even, Conservateur g\u00e9n\u00e9ral honoraire du Patrimoine, Pr\u00e9sident de l&rsquo;Acad\u00e9mie des Belles-Lettres, Sciences et Arts de la Rochelle.<\/li>\n<\/ul>\n\n\n\n<ul class=\"wp-block-list\">\n<li>V\u00e9ronique Westerloppe, bibliste doctorante, enseignante aux Facult\u00e9s Loyola Paris et au S\u00e9minaire d&rsquo;Orl\u00e9ans.<\/li>\n<\/ul>\n","protected":false},"excerpt":{"rendered":"<p>Nous vivons de grandes mutations dans beaucoup de domaines, mutations qui ont comme singularit\u00e9 de s&rsquo;op\u00e9rer \u00e0 tr\u00e8s grande vitesse. Ces changements et leur rapidit\u00e9 sont source de peurs. Pourtant, [&hellip;]<\/p>\n","protected":false},"author":4,"featured_media":6951,"comment_status":"open","ping_status":"open","sticky":false,"template":"","format":"standard","meta":{"_et_pb_use_builder":"off","_et_pb_old_content":"","_et_gb_content_width":"","footnotes":""},"categories":[6,20],"tags":[],"class_list":["post-6985","post","type-post","status-publish","format-standard","has-post-thumbnail","hentry","category-actualite","category-forum"],"_links":{"self":[{"href":"https:\/\/catholiques17.fr\/souzy\/wp-json\/wp\/v2\/posts\/6985","targetHints":{"allow":["GET"]}}],"collection":[{"href":"https:\/\/catholiques17.fr\/souzy\/wp-json\/wp\/v2\/posts"}],"about":[{"href":"https:\/\/catholiques17.fr\/souzy\/wp-json\/wp\/v2\/types\/post"}],"author":[{"embeddable":true,"href":"https:\/\/catholiques17.fr\/souzy\/wp-json\/wp\/v2\/users\/4"}],"replies":[{"embeddable":true,"href":"https:\/\/catholiques17.fr\/souzy\/wp-json\/wp\/v2\/comments?post=6985"}],"version-history":[{"count":1,"href":"https:\/\/catholiques17.fr\/souzy\/wp-json\/wp\/v2\/posts\/6985\/revisions"}],"predecessor-version":[{"id":6986,"href":"https:\/\/catholiques17.fr\/souzy\/wp-json\/wp\/v2\/posts\/6985\/revisions\/6986"}],"wp:featuredmedia":[{"embeddable":true,"href":"https:\/\/catholiques17.fr\/souzy\/wp-json\/wp\/v2\/media\/6951"}],"wp:attachment":[{"href":"https:\/\/catholiques17.fr\/souzy\/wp-json\/wp\/v2\/media?parent=6985"}],"wp:term":[{"taxonomy":"category","embeddable":true,"href":"https:\/\/catholiques17.fr\/souzy\/wp-json\/wp\/v2\/categories?post=6985"},{"taxonomy":"post_tag","embeddable":true,"href":"https:\/\/catholiques17.fr\/souzy\/wp-json\/wp\/v2\/tags?post=6985"}],"curies":[{"name":"wp","href":"https:\/\/api.w.org\/{rel}","templated":true}]}}