{"id":6957,"date":"2024-10-11T09:29:33","date_gmt":"2024-10-11T07:29:33","guid":{"rendered":"https:\/\/catholiques17.fr\/souzy\/?p=6957"},"modified":"2024-10-11T09:29:35","modified_gmt":"2024-10-11T07:29:35","slug":"expos-de-souzy-contemplation-arboricole","status":"publish","type":"post","link":"https:\/\/catholiques17.fr\/souzy\/expos-de-souzy-contemplation-arboricole\/","title":{"rendered":"[Expos de Souzy] &#8211; Contemplation arboricole"},"content":{"rendered":"\n<div style=\"height:83px\" aria-hidden=\"true\" class=\"wp-block-spacer\"><\/div>\n\n\n\n<p>L&rsquo;artiste, Caroline Higgs, d&rsquo;origine \u00e9cossaise, est install\u00e9e sur la commune de Nieul-sur-Mer au nord de La\u00a0Rochelle. En \u00e9coutant des livres audio, elle nous propose un voyage \u00e0 travers son art fait de tissu, de couture, de peinture et de d\u00e9licatesse. Cette \u00ab\u00a0contemplation arboricole\u00a0\u00bb vous s\u00e9duira par\u00a0son originalit\u00e9 et sa finesse.\u00a0\u00a0<\/p>\n\n\n\n<div style=\"height:38px\" aria-hidden=\"true\" class=\"wp-block-spacer\"><\/div>\n\n\n\n<p class=\"has-text-align-center has-white-color has-vivid-red-background-color has-text-color has-background has-link-color wp-elements-0f40feb274cc2fa35b21d8b83ec21d0b\">Pour toute visite de l&rsquo;exposition durant les apr\u00e8s-midi en semaine entre 15h et 18h, <\/p>\n\n\n\n<p class=\"has-text-align-center has-white-color has-vivid-red-background-color has-text-color has-background has-link-color wp-elements-8020c235176f57f89308615cde28a8d9\">veuillez vous assurer de la disponibilit\u00e9 de la salle en t\u00e9l\u00e9phonant auparavant au 05 46 44 77 13.<\/p>\n","protected":false},"excerpt":{"rendered":"<p>L&rsquo;artiste, Caroline Higgs, d&rsquo;origine \u00e9cossaise, est install\u00e9e sur la commune de Nieul-sur-Mer au nord de La\u00a0Rochelle. En \u00e9coutant des livres audio, elle nous propose un voyage \u00e0 travers son art [&hellip;]<\/p>\n","protected":false},"author":4,"featured_media":6938,"comment_status":"open","ping_status":"open","sticky":false,"template":"","format":"standard","meta":{"_et_pb_use_builder":"off","_et_pb_old_content":"","_et_gb_content_width":"","footnotes":""},"categories":[6,16],"tags":[],"class_list":["post-6957","post","type-post","status-publish","format-standard","has-post-thumbnail","hentry","category-actualite","category-exposition"],"_links":{"self":[{"href":"https:\/\/catholiques17.fr\/souzy\/wp-json\/wp\/v2\/posts\/6957","targetHints":{"allow":["GET"]}}],"collection":[{"href":"https:\/\/catholiques17.fr\/souzy\/wp-json\/wp\/v2\/posts"}],"about":[{"href":"https:\/\/catholiques17.fr\/souzy\/wp-json\/wp\/v2\/types\/post"}],"author":[{"embeddable":true,"href":"https:\/\/catholiques17.fr\/souzy\/wp-json\/wp\/v2\/users\/4"}],"replies":[{"embeddable":true,"href":"https:\/\/catholiques17.fr\/souzy\/wp-json\/wp\/v2\/comments?post=6957"}],"version-history":[{"count":1,"href":"https:\/\/catholiques17.fr\/souzy\/wp-json\/wp\/v2\/posts\/6957\/revisions"}],"predecessor-version":[{"id":6959,"href":"https:\/\/catholiques17.fr\/souzy\/wp-json\/wp\/v2\/posts\/6957\/revisions\/6959"}],"wp:featuredmedia":[{"embeddable":true,"href":"https:\/\/catholiques17.fr\/souzy\/wp-json\/wp\/v2\/media\/6938"}],"wp:attachment":[{"href":"https:\/\/catholiques17.fr\/souzy\/wp-json\/wp\/v2\/media?parent=6957"}],"wp:term":[{"taxonomy":"category","embeddable":true,"href":"https:\/\/catholiques17.fr\/souzy\/wp-json\/wp\/v2\/categories?post=6957"},{"taxonomy":"post_tag","embeddable":true,"href":"https:\/\/catholiques17.fr\/souzy\/wp-json\/wp\/v2\/tags?post=6957"}],"curies":[{"name":"wp","href":"https:\/\/api.w.org\/{rel}","templated":true}]}}