{"id":6944,"date":"2024-10-09T11:12:31","date_gmt":"2024-10-09T09:12:31","guid":{"rendered":"https:\/\/catholiques17.fr\/souzy\/?p=6944"},"modified":"2024-10-10T10:16:42","modified_gmt":"2024-10-10T08:16:42","slug":"report-forum-de-souzy","status":"publish","type":"post","link":"https:\/\/catholiques17.fr\/souzy\/report-forum-de-souzy\/","title":{"rendered":"REPORT &#8211; Forum de SOUZY"},"content":{"rendered":"\n<div style=\"height:100px\" aria-hidden=\"true\" class=\"wp-block-spacer\"><\/div>\n\n\n\n<p>Suite aux conditions m\u00e9t\u00e9orologiques, le forum pr\u00e9vu le mercredi 09 octobre<strong> est report\u00e9 au mardi 5 novembre, 20h<\/strong>, \u00e0 la Maison de la Parole J.Baptiste SOUZY.<\/p>\n\n\n\n<p class=\"has-text-align-center\">N&rsquo;h\u00e9sitez pas \u00e0 faire suivre cette information aupr\u00e8s de vos r\u00e9seaux et amis avec lesquels vous comptez venir !<\/p>\n","protected":false},"excerpt":{"rendered":"<p>Suite aux conditions m\u00e9t\u00e9orologiques, le forum pr\u00e9vu le mercredi 09 octobre est report\u00e9 au mardi 5 novembre, 20h, \u00e0 la Maison de la Parole J.Baptiste SOUZY. N&rsquo;h\u00e9sitez pas \u00e0 faire [&hellip;]<\/p>\n","protected":false},"author":4,"featured_media":6951,"comment_status":"open","ping_status":"open","sticky":false,"template":"","format":"standard","meta":{"_et_pb_use_builder":"off","_et_pb_old_content":"","_et_gb_content_width":"","footnotes":""},"categories":[6,20],"tags":[],"class_list":["post-6944","post","type-post","status-publish","format-standard","has-post-thumbnail","hentry","category-actualite","category-forum"],"_links":{"self":[{"href":"https:\/\/catholiques17.fr\/souzy\/wp-json\/wp\/v2\/posts\/6944","targetHints":{"allow":["GET"]}}],"collection":[{"href":"https:\/\/catholiques17.fr\/souzy\/wp-json\/wp\/v2\/posts"}],"about":[{"href":"https:\/\/catholiques17.fr\/souzy\/wp-json\/wp\/v2\/types\/post"}],"author":[{"embeddable":true,"href":"https:\/\/catholiques17.fr\/souzy\/wp-json\/wp\/v2\/users\/4"}],"replies":[{"embeddable":true,"href":"https:\/\/catholiques17.fr\/souzy\/wp-json\/wp\/v2\/comments?post=6944"}],"version-history":[{"count":4,"href":"https:\/\/catholiques17.fr\/souzy\/wp-json\/wp\/v2\/posts\/6944\/revisions"}],"predecessor-version":[{"id":6955,"href":"https:\/\/catholiques17.fr\/souzy\/wp-json\/wp\/v2\/posts\/6944\/revisions\/6955"}],"wp:featuredmedia":[{"embeddable":true,"href":"https:\/\/catholiques17.fr\/souzy\/wp-json\/wp\/v2\/media\/6951"}],"wp:attachment":[{"href":"https:\/\/catholiques17.fr\/souzy\/wp-json\/wp\/v2\/media?parent=6944"}],"wp:term":[{"taxonomy":"category","embeddable":true,"href":"https:\/\/catholiques17.fr\/souzy\/wp-json\/wp\/v2\/categories?post=6944"},{"taxonomy":"post_tag","embeddable":true,"href":"https:\/\/catholiques17.fr\/souzy\/wp-json\/wp\/v2\/tags?post=6944"}],"curies":[{"name":"wp","href":"https:\/\/api.w.org\/{rel}","templated":true}]}}