{"id":6920,"date":"2024-09-20T14:41:32","date_gmt":"2024-09-20T12:41:32","guid":{"rendered":"https:\/\/catholiques17.fr\/souzy\/?p=6920"},"modified":"2024-09-20T14:49:21","modified_gmt":"2024-09-20T12:49:21","slug":"la-rentree-du-centre-detude-de-theologie","status":"publish","type":"post","link":"https:\/\/catholiques17.fr\/souzy\/la-rentree-du-centre-detude-de-theologie\/","title":{"rendered":"La rentr\u00e9e du Centre d&rsquo;\u00c9tude de Th\u00e9ologie"},"content":{"rendered":"\n<div style=\"height:73px\" aria-hidden=\"true\" class=\"wp-block-spacer\"><\/div>\n\n\n\n<h2 class=\"wp-block-heading has-text-align-center\">La rentr\u00e9e au CET a eu lieu le jeudi 5 septembre <\/h2>\n\n\n\n<h2 class=\"wp-block-heading has-text-align-center\">avec une lecture \u00e0 3 voix d\u2019une \u0153uvre d\u2019Art command\u00e9e par Souzy, <\/h2>\n\n\n\n<h2 class=\"wp-block-heading has-text-align-center\">la remise des dipl\u00f4mes et un cocktail.<\/h2>\n\n\n\n<div style=\"height:55px\" aria-hidden=\"true\" class=\"wp-block-spacer\"><\/div>\n\n\n\n<figure class=\"wp-block-image aligncenter size-full\"><img loading=\"lazy\" decoding=\"async\" width=\"800\" height=\"511\" src=\"https:\/\/catholiques17.fr\/souzy\/wp-content\/uploads\/sites\/28\/2024\/09\/Rentree-du-CET-1_1.jpg\" alt=\"\" class=\"wp-image-6929\" srcset=\"https:\/\/catholiques17.fr\/souzy\/wp-content\/uploads\/sites\/28\/2024\/09\/Rentree-du-CET-1_1.jpg 800w, https:\/\/catholiques17.fr\/souzy\/wp-content\/uploads\/sites\/28\/2024\/09\/Rentree-du-CET-1_1-480x307.jpg 480w\" sizes=\"(min-width: 0px) and (max-width: 480px) 480px, (min-width: 481px) 800px, 100vw\" \/><\/figure>\n\n\n\n<div class=\"wp-block-columns is-layout-flex wp-container-core-columns-is-layout-9d6595d7 wp-block-columns-is-layout-flex\">\n<div class=\"wp-block-column is-layout-flow wp-block-column-is-layout-flow\"><\/div>\n\n\n\n<div class=\"wp-block-column is-layout-flow wp-block-column-is-layout-flow\"><\/div>\n<\/div>\n\n\n\n<div style=\"height:50px\" aria-hidden=\"true\" class=\"wp-block-spacer\"><\/div>\n\n\n\n<p>Le Centre d\u2019Etudes Th\u00e9ologiques r\u00e9pond \u00e0 un besoin de se former soit \u00e0 titre personnel mais souvent au titre d\u2019un service rendu en Eglise : 70 personnes inscrites, dont 19 qui suivront tous les cours propos\u00e9s (parmi ces 19 personnes, 12 souhaitent passer un examen en vue d\u2019un dipl\u00f4me).<\/p>\n\n\n\n<p class=\"has-text-align-center\"><strong>Il est encore temps de s\u2019inscrire puisque les cours peuvent \u00eatre \u00e9cout\u00e9s en direct ou en diff\u00e9r\u00e9.<\/strong><\/p>\n\n\n\n<div style=\"height:41px\" aria-hidden=\"true\" class=\"wp-block-spacer\"><\/div>\n","protected":false},"excerpt":{"rendered":"<p>La rentr\u00e9e au CET a eu lieu le jeudi 5 septembre avec une lecture \u00e0 3 voix d\u2019une \u0153uvre d\u2019Art command\u00e9e par Souzy, la remise des dipl\u00f4mes et un cocktail. [&hellip;]<\/p>\n","protected":false},"author":4,"featured_media":6922,"comment_status":"open","ping_status":"open","sticky":false,"template":"","format":"standard","meta":{"_et_pb_use_builder":"off","_et_pb_old_content":"","_et_gb_content_width":"","footnotes":""},"categories":[6],"tags":[],"class_list":["post-6920","post","type-post","status-publish","format-standard","has-post-thumbnail","hentry","category-actualite"],"_links":{"self":[{"href":"https:\/\/catholiques17.fr\/souzy\/wp-json\/wp\/v2\/posts\/6920","targetHints":{"allow":["GET"]}}],"collection":[{"href":"https:\/\/catholiques17.fr\/souzy\/wp-json\/wp\/v2\/posts"}],"about":[{"href":"https:\/\/catholiques17.fr\/souzy\/wp-json\/wp\/v2\/types\/post"}],"author":[{"embeddable":true,"href":"https:\/\/catholiques17.fr\/souzy\/wp-json\/wp\/v2\/users\/4"}],"replies":[{"embeddable":true,"href":"https:\/\/catholiques17.fr\/souzy\/wp-json\/wp\/v2\/comments?post=6920"}],"version-history":[{"count":6,"href":"https:\/\/catholiques17.fr\/souzy\/wp-json\/wp\/v2\/posts\/6920\/revisions"}],"predecessor-version":[{"id":6934,"href":"https:\/\/catholiques17.fr\/souzy\/wp-json\/wp\/v2\/posts\/6920\/revisions\/6934"}],"wp:featuredmedia":[{"embeddable":true,"href":"https:\/\/catholiques17.fr\/souzy\/wp-json\/wp\/v2\/media\/6922"}],"wp:attachment":[{"href":"https:\/\/catholiques17.fr\/souzy\/wp-json\/wp\/v2\/media?parent=6920"}],"wp:term":[{"taxonomy":"category","embeddable":true,"href":"https:\/\/catholiques17.fr\/souzy\/wp-json\/wp\/v2\/categories?post=6920"},{"taxonomy":"post_tag","embeddable":true,"href":"https:\/\/catholiques17.fr\/souzy\/wp-json\/wp\/v2\/tags?post=6920"}],"curies":[{"name":"wp","href":"https:\/\/api.w.org\/{rel}","templated":true}]}}