{"id":6884,"date":"2024-09-09T09:44:50","date_gmt":"2024-09-09T07:44:50","guid":{"rendered":"https:\/\/catholiques17.fr\/souzy\/?p=6884"},"modified":"2024-09-09T09:45:42","modified_gmt":"2024-09-09T07:45:42","slug":"conference-debat-oecumenique-pour-la-catholicite-des-eglises","status":"publish","type":"post","link":"https:\/\/catholiques17.fr\/souzy\/conference-debat-oecumenique-pour-la-catholicite-des-eglises\/","title":{"rendered":"Conf\u00e9rence-D\u00e9bat \u0153cum\u00e9nique : \u00ab\u00a0Pour la catholicit\u00e9 des \u00c9glises\u00a0\u00bb"},"content":{"rendered":"\n<div style=\"height:68px\" aria-hidden=\"true\" class=\"wp-block-spacer\"><\/div>\n\n\n\n<h2 class=\"wp-block-heading\">En 2023, apr\u00e8s plusieurs ann\u00e9es de travail, le Groupe des Dombes a publi\u00e9 un document&nbsp;<strong>\u00ab\u00a0De toutes les nations&#8230;\u00a0\u00bb Pour la catholicit\u00e9 des \u00c9glises (Cerf).<\/strong><\/h2>\n\n\n\n<div style=\"height:31px\" aria-hidden=\"true\" class=\"wp-block-spacer\"><\/div>\n\n\n\n<blockquote class=\"wp-block-quote is-layout-flow wp-block-quote-is-layout-flow\">\n<p><em>\u201cAlors que certaines \u00c9glises mettent l&rsquo;accent sur leur caract\u00e8re catholique, et d&rsquo;autres sur ce qu&rsquo;elles ont de r\u00e9form\u00e9, le Groupe des Dombes ose en appeler \u00e0 une \u00ab\u00a0catholicit\u00e9 r\u00e9form\u00e9e\u00a0\u00bb&#8230;. Si la catholicit\u00e9 est constitutive de l&rsquo;identit\u00e9 de l\u2019\u00c9glise, cette catholicit\u00e9 constitue aussi un appel \u00e0 la conversion eccl\u00e9siale : en christianisme, il n&rsquo;y a d&rsquo;identit\u00e9 que convertie, ou \u00e0 convertir.\u201d<\/em><\/p>\n<\/blockquote>\n\n\n\n<div style=\"height:30px\" aria-hidden=\"true\" class=\"wp-block-spacer\"><\/div>\n\n\n\n<p>Le<a href=\"https:\/\/groupedesdombes.eu\/\" target=\"_blank\" rel=\"noreferrer noopener\"> Groupe des Dombes<\/a>, fond\u00e9 en 1937 \u00e0 l&rsquo;initiative de l&rsquo;abb\u00e9 Paul Couturier, r\u00e9unit une quarantaine de membres, catholiques et protestants, de France, Belgique et Suisse. Ses documents, traduits en de nombreuses langues, constituent une r\u00e9f\u00e9rence dans le dialogue \u0153cum\u00e9nique.<\/p>\n\n\n\n<p>Au sein du Groupe des Dombes, le Pasteur Serge W\u00fcthrich a particip\u00e9 aux travaux de r\u00e9flexion sur ce marqueur important de l&rsquo;identit\u00e9 de l\u2019\u00c9glise que constitue sa catholicit\u00e9. Sa conf\u00e9rence sera suivie d&rsquo;un d\u00e9bat coanim\u00e9 par deux lecteurs du document de synth\u00e8se, un catholique et un protestant.<\/p>\n\n\n\n<p>Serge W\u00fcthrich est pasteur de l&rsquo;EPUdF. Apr\u00e8s avoir pass\u00e9 dix ann\u00e9es dans le Poitou (\u00e0 Niort) et dix ann\u00e9es \u00e0 Paris, il a rejoint l&rsquo;ann\u00e9e derni\u00e8re la paroisse de l&rsquo;Est lyonnais \u00e0 Vaulx-en-Velin. Le pasteur W\u00fcthrich est membre du groupe des Dombes et pr\u00e9sident de la Commission des relations avec le juda\u00efsme de la F\u00e9d\u00e9ration Protestante de France. Il vient d&rsquo;\u00e9diter les actes d&rsquo;un colloque sur l&rsquo;ap\u00f4tre Paul : \u00ab\u00a0Paul et le juda\u00efsme : regards crois\u00e9s juifs et chr\u00e9tiens\u00a0\u00bb (Oliv\u00e9tan, 2024).<\/p>\n\n\n\n<p>Nous esp\u00e9rons nous retrouver nombreux lors de cette rencontre qui se tiendra le<strong> lundi 9 septembre 2024 \u00e0 18h00, au Centre Jeanne d&rsquo;Albret,\u00a02 rue du Brave Rondeau, La Rochelle.<\/strong><\/p>\n\n\n\n<p>Dans la continuit\u00e9 de celle-ci, la r\u00e9flexion sera poursuivie lors des prochaines rencontres \u0153cum\u00e9niques de La Rochelle et le document pr\u00e9sent\u00e9 servira alors de fil conducteur aux \u00e9changes.<\/p>\n","protected":false},"excerpt":{"rendered":"<p>En 2023, apr\u00e8s plusieurs ann\u00e9es de travail, le Groupe des Dombes a publi\u00e9 un document&nbsp;\u00ab\u00a0De toutes les nations&#8230;\u00a0\u00bb Pour la catholicit\u00e9 des \u00c9glises (Cerf). \u201cAlors que certaines \u00c9glises mettent l&rsquo;accent [&hellip;]<\/p>\n","protected":false},"author":4,"featured_media":6885,"comment_status":"open","ping_status":"open","sticky":false,"template":"","format":"standard","meta":{"_et_pb_use_builder":"off","_et_pb_old_content":"","_et_gb_content_width":"","footnotes":""},"categories":[6,23],"tags":[],"class_list":["post-6884","post","type-post","status-publish","format-standard","has-post-thumbnail","hentry","category-actualite","category-oecumenisqme"],"_links":{"self":[{"href":"https:\/\/catholiques17.fr\/souzy\/wp-json\/wp\/v2\/posts\/6884","targetHints":{"allow":["GET"]}}],"collection":[{"href":"https:\/\/catholiques17.fr\/souzy\/wp-json\/wp\/v2\/posts"}],"about":[{"href":"https:\/\/catholiques17.fr\/souzy\/wp-json\/wp\/v2\/types\/post"}],"author":[{"embeddable":true,"href":"https:\/\/catholiques17.fr\/souzy\/wp-json\/wp\/v2\/users\/4"}],"replies":[{"embeddable":true,"href":"https:\/\/catholiques17.fr\/souzy\/wp-json\/wp\/v2\/comments?post=6884"}],"version-history":[{"count":1,"href":"https:\/\/catholiques17.fr\/souzy\/wp-json\/wp\/v2\/posts\/6884\/revisions"}],"predecessor-version":[{"id":6886,"href":"https:\/\/catholiques17.fr\/souzy\/wp-json\/wp\/v2\/posts\/6884\/revisions\/6886"}],"wp:featuredmedia":[{"embeddable":true,"href":"https:\/\/catholiques17.fr\/souzy\/wp-json\/wp\/v2\/media\/6885"}],"wp:attachment":[{"href":"https:\/\/catholiques17.fr\/souzy\/wp-json\/wp\/v2\/media?parent=6884"}],"wp:term":[{"taxonomy":"category","embeddable":true,"href":"https:\/\/catholiques17.fr\/souzy\/wp-json\/wp\/v2\/categories?post=6884"},{"taxonomy":"post_tag","embeddable":true,"href":"https:\/\/catholiques17.fr\/souzy\/wp-json\/wp\/v2\/tags?post=6884"}],"curies":[{"name":"wp","href":"https:\/\/api.w.org\/{rel}","templated":true}]}}