{"id":6694,"date":"2024-07-05T09:51:48","date_gmt":"2024-07-05T07:51:48","guid":{"rendered":"https:\/\/catholiques17.fr\/souzy\/?p=6694"},"modified":"2024-07-05T09:51:49","modified_gmt":"2024-07-05T07:51:49","slug":"fermeture-estivale-de-la-maison-de-la-parole","status":"publish","type":"post","link":"https:\/\/catholiques17.fr\/souzy\/fermeture-estivale-de-la-maison-de-la-parole\/","title":{"rendered":"Fermeture estivale de la maison de la Parole"},"content":{"rendered":"\n<div style=\"height:68px\" aria-hidden=\"true\" class=\"wp-block-spacer\"><\/div>\n\n\n\n<h2 class=\"wp-block-heading has-text-align-center\">La maison de la Parole Jean-Baptiste Souzy se met \u00ab\u00a0en vacances\u00a0\u00bb<\/h2>\n\n\n\n<h2 class=\"wp-block-heading has-text-align-center\"> du 29 juin au 4 septembre.<\/h2>\n\n\n\n<h2 class=\"wp-block-heading has-text-align-center\">Pour tout contact, merci d&rsquo;envoyer un courriel \u00e0 : <a href=\"mailto:jbsouzy@wanadoo.fr\">jbsouzy@wanadoo.fr<\/a><\/h2>\n\n\n\n<div style=\"height:131px\" aria-hidden=\"true\" class=\"wp-block-spacer\"><\/div>\n\n\n\n<p class=\"has-text-align-center has-white-color has-vivid-red-background-color has-text-color has-background has-link-color has-medium-font-size wp-elements-69632bd22a9987c4fba4e7fcc8fe8ec7\"><strong>Notez d\u00e8s \u00e0 pr\u00e9sent les rendez-vous de la rentr\u00e9e :<\/strong><\/p>\n\n\n\n<div style=\"height:18px\" aria-hidden=\"true\" class=\"wp-block-spacer\"><\/div>\n\n\n\n<div class=\"wp-block-columns is-layout-flex wp-container-core-columns-is-layout-9d6595d7 wp-block-columns-is-layout-flex\">\n<div class=\"wp-block-column is-layout-flow wp-block-column-is-layout-flow\">\n<figure class=\"wp-block-image size-full\"><a href=\"https:\/\/catholiques17.fr\/souzy\/wp-content\/uploads\/sites\/28\/2024\/05\/La-rentree-du.jpg\"><img loading=\"lazy\" decoding=\"async\" width=\"566\" height=\"800\" src=\"https:\/\/catholiques17.fr\/souzy\/wp-content\/uploads\/sites\/28\/2024\/05\/La-rentree-du.jpg\" alt=\"\" class=\"wp-image-6663\" srcset=\"https:\/\/catholiques17.fr\/souzy\/wp-content\/uploads\/sites\/28\/2024\/05\/La-rentree-du.jpg 566w, https:\/\/catholiques17.fr\/souzy\/wp-content\/uploads\/sites\/28\/2024\/05\/La-rentree-du-480x678.jpg 480w\" sizes=\"(min-width: 0px) and (max-width: 480px) 480px, (min-width: 481px) 566px, 100vw\" \/><\/a><\/figure>\n<\/div>\n\n\n\n<div class=\"wp-block-column is-layout-flow wp-block-column-is-layout-flow\">\n<figure class=\"wp-block-image size-full\"><a href=\"https:\/\/catholiques17.fr\/souzy\/wp-content\/uploads\/sites\/28\/2024\/06\/Expo-paysage-1.jpg\"><img loading=\"lazy\" decoding=\"async\" width=\"566\" height=\"800\" src=\"https:\/\/catholiques17.fr\/souzy\/wp-content\/uploads\/sites\/28\/2024\/06\/Expo-paysage-1.jpg\" alt=\"\" class=\"wp-image-6666\" srcset=\"https:\/\/catholiques17.fr\/souzy\/wp-content\/uploads\/sites\/28\/2024\/06\/Expo-paysage-1.jpg 566w, https:\/\/catholiques17.fr\/souzy\/wp-content\/uploads\/sites\/28\/2024\/06\/Expo-paysage-1-480x678.jpg 480w\" sizes=\"(min-width: 0px) and (max-width: 480px) 480px, (min-width: 481px) 566px, 100vw\" \/><\/a><\/figure>\n<\/div>\n<\/div>\n\n\n\n<div style=\"height:76px\" aria-hidden=\"true\" class=\"wp-block-spacer\"><\/div>\n\n\n\n<p class=\"has-text-align-center has-vivid-red-color has-text-color has-link-color has-large-font-size wp-elements-6551d3ec0bae86a81b2e4773ded670b1\"><strong>Bel \u00e9t\u00e9 \u00e0 chacun !<\/strong><\/p>\n\n\n\n<div style=\"height:47px\" aria-hidden=\"true\" class=\"wp-block-spacer\"><\/div>\n","protected":false},"excerpt":{"rendered":"<p>La maison de la Parole Jean-Baptiste Souzy se met \u00ab\u00a0en vacances\u00a0\u00bb du 29 juin au 4 septembre. Pour tout contact, merci d&rsquo;envoyer un courriel \u00e0 : jbsouzy@wanadoo.fr Notez d\u00e8s \u00e0 [&hellip;]<\/p>\n","protected":false},"author":4,"featured_media":6695,"comment_status":"open","ping_status":"open","sticky":false,"template":"","format":"standard","meta":{"_et_pb_use_builder":"off","_et_pb_old_content":"","_et_gb_content_width":"","footnotes":""},"categories":[6],"tags":[],"class_list":["post-6694","post","type-post","status-publish","format-standard","has-post-thumbnail","hentry","category-actualite"],"_links":{"self":[{"href":"https:\/\/catholiques17.fr\/souzy\/wp-json\/wp\/v2\/posts\/6694","targetHints":{"allow":["GET"]}}],"collection":[{"href":"https:\/\/catholiques17.fr\/souzy\/wp-json\/wp\/v2\/posts"}],"about":[{"href":"https:\/\/catholiques17.fr\/souzy\/wp-json\/wp\/v2\/types\/post"}],"author":[{"embeddable":true,"href":"https:\/\/catholiques17.fr\/souzy\/wp-json\/wp\/v2\/users\/4"}],"replies":[{"embeddable":true,"href":"https:\/\/catholiques17.fr\/souzy\/wp-json\/wp\/v2\/comments?post=6694"}],"version-history":[{"count":4,"href":"https:\/\/catholiques17.fr\/souzy\/wp-json\/wp\/v2\/posts\/6694\/revisions"}],"predecessor-version":[{"id":6699,"href":"https:\/\/catholiques17.fr\/souzy\/wp-json\/wp\/v2\/posts\/6694\/revisions\/6699"}],"wp:featuredmedia":[{"embeddable":true,"href":"https:\/\/catholiques17.fr\/souzy\/wp-json\/wp\/v2\/media\/6695"}],"wp:attachment":[{"href":"https:\/\/catholiques17.fr\/souzy\/wp-json\/wp\/v2\/media?parent=6694"}],"wp:term":[{"taxonomy":"category","embeddable":true,"href":"https:\/\/catholiques17.fr\/souzy\/wp-json\/wp\/v2\/categories?post=6694"},{"taxonomy":"post_tag","embeddable":true,"href":"https:\/\/catholiques17.fr\/souzy\/wp-json\/wp\/v2\/tags?post=6694"}],"curies":[{"name":"wp","href":"https:\/\/api.w.org\/{rel}","templated":true}]}}