{"id":6655,"date":"2024-06-08T08:27:57","date_gmt":"2024-06-08T06:27:57","guid":{"rendered":"https:\/\/catholiques17.fr\/souzy\/?p=6655"},"modified":"2024-06-17T11:15:25","modified_gmt":"2024-06-17T09:15:25","slug":"vin-et-litterature-retour-en-images-sur-une-soiree-savoureuse","status":"publish","type":"post","link":"https:\/\/catholiques17.fr\/souzy\/vin-et-litterature-retour-en-images-sur-une-soiree-savoureuse\/","title":{"rendered":"Vin et litt\u00e9rature : retour en images sur une soir\u00e9e savoureuse !"},"content":{"rendered":"\n<div style=\"height:62px\" aria-hidden=\"true\" class=\"wp-block-spacer\"><\/div>\n\n\n\n<p><strong>La rotonde de la maison de la Parole Jean-Baptiste Souzy \u00e9tait bien remplie, ce vendredi soir, \u00e0 l&rsquo;occasion d&rsquo;une soir\u00e9e in\u00e9dite et gourmande : vin et litt\u00e9rature, &#8230; et gastronomie !<\/strong><\/p>\n\n\n\n<p>L&rsquo;Arche en Anjou, partenaire de cet \u00e9venement, a propos\u00e9 tout au long de la soir\u00e9e plusieurs d\u00e9gustations, tandis que l&rsquo;auditoire attentif \u00e9coutait diff\u00e9rents textes, sur le th\u00e8me du vin, tant\u00f4t po\u00e9tiques, tant\u00f4t plus \u00ab\u00a0scientifiques\u00a0\u00bb. Bref, un voyage dans le temps, passant de Virgile \u00e0 Rabelais et Baudelaire,&#8230; un voyage gustatif passant des goug\u00e8res aux verrines jusqu&rsquo;au fondant, &#8230; un voyage \u0153nologique aux accents du terroir angevin.<\/p>\n\n\n\n<div style=\"height:47px\" aria-hidden=\"true\" class=\"wp-block-spacer\"><\/div>\n\n\n\n<div class=\"wp-block-columns is-layout-flex wp-container-core-columns-is-layout-9d6595d7 wp-block-columns-is-layout-flex\">\n<div class=\"wp-block-column is-layout-flow wp-block-column-is-layout-flow\">\n<figure class=\"wp-block-embed is-type-video is-provider-youtube wp-block-embed-youtube wp-embed-aspect-16-9 wp-has-aspect-ratio\"><div class=\"wp-block-embed__wrapper\">\n<iframe loading=\"lazy\" title=\"Vin et litt\u00e9rature et gastronomie\" width=\"1080\" height=\"608\" src=\"https:\/\/www.youtube.com\/embed\/JAGTpnL15OI?feature=oembed\"  allow=\"accelerometer; autoplay; clipboard-write; encrypted-media; gyroscope; picture-in-picture; web-share\" referrerpolicy=\"strict-origin-when-cross-origin\" allowfullscreen><\/iframe>\n<\/div><\/figure>\n<\/div>\n\n\n\n<div class=\"wp-block-column is-layout-flow wp-block-column-is-layout-flow\">\n<figure class=\"wp-block-embed is-type-video is-provider-youtube wp-block-embed-youtube wp-embed-aspect-16-9 wp-has-aspect-ratio\"><div class=\"wp-block-embed__wrapper\">\n<iframe loading=\"lazy\" title=\"L&#039;ESAT de l&#039;Arche de la Rebellerie \u00e0 JB Souzy\" width=\"1080\" height=\"608\" src=\"https:\/\/www.youtube.com\/embed\/BkEfzmlsPRQ?feature=oembed\"  allow=\"accelerometer; autoplay; clipboard-write; encrypted-media; gyroscope; picture-in-picture; web-share\" referrerpolicy=\"strict-origin-when-cross-origin\" allowfullscreen><\/iframe>\n<\/div><\/figure>\n<\/div>\n<\/div>\n\n\n\n<div style=\"height:76px\" aria-hidden=\"true\" class=\"wp-block-spacer\"><\/div>\n\n\n\n<p class=\"has-text-align-center has-medium-font-size\">Cette soir\u00e9e a enchant\u00e9 tous les participants.<\/p>\n\n\n\n<p class=\"has-text-align-center has-medium-font-size\">Merci \u00e0 tous ceux qui l&rsquo;ont mise en \u0153uvre, en esp\u00e9rant nous retrouver l&rsquo;ann\u00e9e prochaine,<\/p>\n\n\n\n<p class=\"has-text-align-center has-medium-font-size\"> pour une seconde \u00e9dition !<\/p>\n\n\n\n<div style=\"height:76px\" aria-hidden=\"true\" class=\"wp-block-spacer\"><\/div>\n\n\n\n<figure class=\"wp-block-gallery has-nested-images columns-default is-cropped wp-block-gallery-1 is-layout-flex wp-block-gallery-is-layout-flex\">\n<figure class=\"wp-block-image size-large\"><a href=\"https:\/\/catholiques17.fr\/souzy\/wp-content\/uploads\/sites\/28\/2024\/06\/IMG_20240607_185338_1.jpg\"><img loading=\"lazy\" decoding=\"async\" width=\"600\" height=\"800\" data-id=\"6642\" src=\"https:\/\/catholiques17.fr\/souzy\/wp-content\/uploads\/sites\/28\/2024\/06\/IMG_20240607_185338_1.jpg\" alt=\"\" class=\"wp-image-6642\" srcset=\"https:\/\/catholiques17.fr\/souzy\/wp-content\/uploads\/sites\/28\/2024\/06\/IMG_20240607_185338_1.jpg 600w, https:\/\/catholiques17.fr\/souzy\/wp-content\/uploads\/sites\/28\/2024\/06\/IMG_20240607_185338_1-480x640.jpg 480w\" sizes=\"(min-width: 0px) and (max-width: 480px) 480px, (min-width: 481px) 600px, 100vw\" \/><\/a><figcaption class=\"wp-element-caption\">Vin et Litt\u00e9rature<\/figcaption><\/figure>\n\n\n\n<figure class=\"wp-block-image size-large\"><a href=\"https:\/\/catholiques17.fr\/souzy\/wp-content\/uploads\/sites\/28\/2024\/06\/IMG_20240607_190059_1.jpg\"><img loading=\"lazy\" decoding=\"async\" width=\"600\" height=\"800\" data-id=\"6644\" src=\"https:\/\/catholiques17.fr\/souzy\/wp-content\/uploads\/sites\/28\/2024\/06\/IMG_20240607_190059_1.jpg\" alt=\"\" class=\"wp-image-6644\" srcset=\"https:\/\/catholiques17.fr\/souzy\/wp-content\/uploads\/sites\/28\/2024\/06\/IMG_20240607_190059_1.jpg 600w, https:\/\/catholiques17.fr\/souzy\/wp-content\/uploads\/sites\/28\/2024\/06\/IMG_20240607_190059_1-480x640.jpg 480w\" sizes=\"(min-width: 0px) and (max-width: 480px) 480px, (min-width: 481px) 600px, 100vw\" \/><\/a><figcaption class=\"wp-element-caption\">Vin et Litt\u00e9rature<\/figcaption><\/figure>\n\n\n\n<figure class=\"wp-block-image size-large\"><a href=\"https:\/\/catholiques17.fr\/souzy\/wp-content\/uploads\/sites\/28\/2024\/06\/IMG_20240607_193223_1.jpg\"><img loading=\"lazy\" decoding=\"async\" width=\"600\" height=\"800\" data-id=\"6647\" src=\"https:\/\/catholiques17.fr\/souzy\/wp-content\/uploads\/sites\/28\/2024\/06\/IMG_20240607_193223_1.jpg\" alt=\"\" class=\"wp-image-6647\" srcset=\"https:\/\/catholiques17.fr\/souzy\/wp-content\/uploads\/sites\/28\/2024\/06\/IMG_20240607_193223_1.jpg 600w, https:\/\/catholiques17.fr\/souzy\/wp-content\/uploads\/sites\/28\/2024\/06\/IMG_20240607_193223_1-480x640.jpg 480w\" sizes=\"(min-width: 0px) and (max-width: 480px) 480px, (min-width: 481px) 600px, 100vw\" \/><\/a><figcaption class=\"wp-element-caption\">Vin et Litt\u00e9rature<\/figcaption><\/figure>\n\n\n\n<figure class=\"wp-block-image size-large\"><a href=\"https:\/\/catholiques17.fr\/souzy\/wp-content\/uploads\/sites\/28\/2024\/06\/IMG_20240607_200234_1.jpg\"><img loading=\"lazy\" decoding=\"async\" width=\"600\" height=\"800\" data-id=\"6650\" src=\"https:\/\/catholiques17.fr\/souzy\/wp-content\/uploads\/sites\/28\/2024\/06\/IMG_20240607_200234_1.jpg\" alt=\"\" class=\"wp-image-6650\" srcset=\"https:\/\/catholiques17.fr\/souzy\/wp-content\/uploads\/sites\/28\/2024\/06\/IMG_20240607_200234_1.jpg 600w, https:\/\/catholiques17.fr\/souzy\/wp-content\/uploads\/sites\/28\/2024\/06\/IMG_20240607_200234_1-480x640.jpg 480w\" sizes=\"(min-width: 0px) and (max-width: 480px) 480px, (min-width: 481px) 600px, 100vw\" \/><\/a><figcaption class=\"wp-element-caption\">Vin et Litt\u00e9rature<\/figcaption><\/figure>\n\n\n\n<figure class=\"wp-block-image size-large\"><a href=\"https:\/\/catholiques17.fr\/souzy\/wp-content\/uploads\/sites\/28\/2024\/06\/IMG_20240607_210038_1.jpg\"><img loading=\"lazy\" decoding=\"async\" width=\"600\" height=\"800\" data-id=\"6651\" src=\"https:\/\/catholiques17.fr\/souzy\/wp-content\/uploads\/sites\/28\/2024\/06\/IMG_20240607_210038_1.jpg\" alt=\"\" class=\"wp-image-6651\" srcset=\"https:\/\/catholiques17.fr\/souzy\/wp-content\/uploads\/sites\/28\/2024\/06\/IMG_20240607_210038_1.jpg 600w, https:\/\/catholiques17.fr\/souzy\/wp-content\/uploads\/sites\/28\/2024\/06\/IMG_20240607_210038_1-480x640.jpg 480w\" sizes=\"(min-width: 0px) and (max-width: 480px) 480px, (min-width: 481px) 600px, 100vw\" \/><\/a><figcaption class=\"wp-element-caption\">Vin et Litt\u00e9rature<\/figcaption><\/figure>\n\n\n\n<figure class=\"wp-block-image size-large\"><a href=\"https:\/\/catholiques17.fr\/souzy\/wp-content\/uploads\/sites\/28\/2024\/06\/IMG_20240607_210702_1.jpg\"><img loading=\"lazy\" decoding=\"async\" width=\"600\" height=\"800\" data-id=\"6652\" src=\"https:\/\/catholiques17.fr\/souzy\/wp-content\/uploads\/sites\/28\/2024\/06\/IMG_20240607_210702_1.jpg\" alt=\"\" class=\"wp-image-6652\" srcset=\"https:\/\/catholiques17.fr\/souzy\/wp-content\/uploads\/sites\/28\/2024\/06\/IMG_20240607_210702_1.jpg 600w, https:\/\/catholiques17.fr\/souzy\/wp-content\/uploads\/sites\/28\/2024\/06\/IMG_20240607_210702_1-480x640.jpg 480w\" sizes=\"(min-width: 0px) and (max-width: 480px) 480px, (min-width: 481px) 600px, 100vw\" \/><\/a><figcaption class=\"wp-element-caption\">Vin et Litt\u00e9rature<\/figcaption><\/figure>\n<\/figure>\n\n\n\n<figure class=\"wp-block-gallery has-nested-images columns-default is-cropped wp-block-gallery-2 is-layout-flex wp-block-gallery-is-layout-flex\">\n<figure class=\"wp-block-image size-large\"><a href=\"https:\/\/catholiques17.fr\/souzy\/wp-content\/uploads\/sites\/28\/2024\/06\/IMG_20240607_190036_1.jpg\"><img loading=\"lazy\" decoding=\"async\" width=\"800\" height=\"600\" data-id=\"6643\" src=\"https:\/\/catholiques17.fr\/souzy\/wp-content\/uploads\/sites\/28\/2024\/06\/IMG_20240607_190036_1.jpg\" alt=\"\" class=\"wp-image-6643\" srcset=\"https:\/\/catholiques17.fr\/souzy\/wp-content\/uploads\/sites\/28\/2024\/06\/IMG_20240607_190036_1.jpg 800w, https:\/\/catholiques17.fr\/souzy\/wp-content\/uploads\/sites\/28\/2024\/06\/IMG_20240607_190036_1-480x360.jpg 480w\" sizes=\"(min-width: 0px) and (max-width: 480px) 480px, (min-width: 481px) 800px, 100vw\" \/><\/a><figcaption class=\"wp-element-caption\">Vin et Litt\u00e9rature<\/figcaption><\/figure>\n\n\n\n<figure class=\"wp-block-image size-large\"><a href=\"https:\/\/catholiques17.fr\/souzy\/wp-content\/uploads\/sites\/28\/2024\/06\/IMG_20240607_191604_1.jpg\"><img loading=\"lazy\" decoding=\"async\" width=\"800\" height=\"600\" data-id=\"6646\" src=\"https:\/\/catholiques17.fr\/souzy\/wp-content\/uploads\/sites\/28\/2024\/06\/IMG_20240607_191604_1.jpg\" alt=\"\" class=\"wp-image-6646\" srcset=\"https:\/\/catholiques17.fr\/souzy\/wp-content\/uploads\/sites\/28\/2024\/06\/IMG_20240607_191604_1.jpg 800w, https:\/\/catholiques17.fr\/souzy\/wp-content\/uploads\/sites\/28\/2024\/06\/IMG_20240607_191604_1-480x360.jpg 480w\" sizes=\"(min-width: 0px) and (max-width: 480px) 480px, (min-width: 481px) 800px, 100vw\" \/><\/a><figcaption class=\"wp-element-caption\">Vin et Litt\u00e9rature<\/figcaption><\/figure>\n\n\n\n<figure class=\"wp-block-image size-large\"><a href=\"https:\/\/catholiques17.fr\/souzy\/wp-content\/uploads\/sites\/28\/2024\/06\/IMG_20240607_190950_1.jpg\"><img loading=\"lazy\" decoding=\"async\" width=\"800\" height=\"600\" data-id=\"6645\" src=\"https:\/\/catholiques17.fr\/souzy\/wp-content\/uploads\/sites\/28\/2024\/06\/IMG_20240607_190950_1.jpg\" alt=\"\" class=\"wp-image-6645\" srcset=\"https:\/\/catholiques17.fr\/souzy\/wp-content\/uploads\/sites\/28\/2024\/06\/IMG_20240607_190950_1.jpg 800w, https:\/\/catholiques17.fr\/souzy\/wp-content\/uploads\/sites\/28\/2024\/06\/IMG_20240607_190950_1-480x360.jpg 480w\" sizes=\"(min-width: 0px) and (max-width: 480px) 480px, (min-width: 481px) 800px, 100vw\" \/><\/a><figcaption class=\"wp-element-caption\">Vin et Litt\u00e9rature<\/figcaption><\/figure>\n\n\n\n<figure class=\"wp-block-image size-large\"><a href=\"https:\/\/catholiques17.fr\/souzy\/wp-content\/uploads\/sites\/28\/2024\/06\/IMG_20240607_211131_1.jpg\"><img loading=\"lazy\" decoding=\"async\" width=\"800\" height=\"600\" data-id=\"6653\" src=\"https:\/\/catholiques17.fr\/souzy\/wp-content\/uploads\/sites\/28\/2024\/06\/IMG_20240607_211131_1.jpg\" alt=\"\" class=\"wp-image-6653\" srcset=\"https:\/\/catholiques17.fr\/souzy\/wp-content\/uploads\/sites\/28\/2024\/06\/IMG_20240607_211131_1.jpg 800w, https:\/\/catholiques17.fr\/souzy\/wp-content\/uploads\/sites\/28\/2024\/06\/IMG_20240607_211131_1-480x360.jpg 480w\" sizes=\"(min-width: 0px) and (max-width: 480px) 480px, (min-width: 481px) 800px, 100vw\" \/><\/a><figcaption class=\"wp-element-caption\">Vin et Litt\u00e9rature<\/figcaption><\/figure>\n\n\n\n<figure class=\"wp-block-image size-large\"><a href=\"https:\/\/catholiques17.fr\/souzy\/wp-content\/uploads\/sites\/28\/2024\/06\/IMG_20240607_211216_1.jpg\"><img loading=\"lazy\" decoding=\"async\" width=\"800\" height=\"600\" data-id=\"6654\" src=\"https:\/\/catholiques17.fr\/souzy\/wp-content\/uploads\/sites\/28\/2024\/06\/IMG_20240607_211216_1.jpg\" alt=\"\" class=\"wp-image-6654\" srcset=\"https:\/\/catholiques17.fr\/souzy\/wp-content\/uploads\/sites\/28\/2024\/06\/IMG_20240607_211216_1.jpg 800w, https:\/\/catholiques17.fr\/souzy\/wp-content\/uploads\/sites\/28\/2024\/06\/IMG_20240607_211216_1-480x360.jpg 480w\" sizes=\"(min-width: 0px) and (max-width: 480px) 480px, (min-width: 481px) 800px, 100vw\" \/><\/a><figcaption class=\"wp-element-caption\">Vin et Litt\u00e9rature<\/figcaption><\/figure>\n<\/figure>\n","protected":false},"excerpt":{"rendered":"<p>La rotonde de la maison de la Parole Jean-Baptiste Souzy \u00e9tait bien remplie, ce vendredi soir, \u00e0 l&rsquo;occasion d&rsquo;une soir\u00e9e in\u00e9dite et gourmande : vin et litt\u00e9rature, &#8230; et gastronomie [&hellip;]<\/p>\n","protected":false},"author":4,"featured_media":6643,"comment_status":"open","ping_status":"open","sticky":false,"template":"","format":"standard","meta":{"_et_pb_use_builder":"off","_et_pb_old_content":"","_et_gb_content_width":"","footnotes":""},"categories":[6],"tags":[],"class_list":["post-6655","post","type-post","status-publish","format-standard","has-post-thumbnail","hentry","category-actualite"],"_links":{"self":[{"href":"https:\/\/catholiques17.fr\/souzy\/wp-json\/wp\/v2\/posts\/6655","targetHints":{"allow":["GET"]}}],"collection":[{"href":"https:\/\/catholiques17.fr\/souzy\/wp-json\/wp\/v2\/posts"}],"about":[{"href":"https:\/\/catholiques17.fr\/souzy\/wp-json\/wp\/v2\/types\/post"}],"author":[{"embeddable":true,"href":"https:\/\/catholiques17.fr\/souzy\/wp-json\/wp\/v2\/users\/4"}],"replies":[{"embeddable":true,"href":"https:\/\/catholiques17.fr\/souzy\/wp-json\/wp\/v2\/comments?post=6655"}],"version-history":[{"count":3,"href":"https:\/\/catholiques17.fr\/souzy\/wp-json\/wp\/v2\/posts\/6655\/revisions"}],"predecessor-version":[{"id":6659,"href":"https:\/\/catholiques17.fr\/souzy\/wp-json\/wp\/v2\/posts\/6655\/revisions\/6659"}],"wp:featuredmedia":[{"embeddable":true,"href":"https:\/\/catholiques17.fr\/souzy\/wp-json\/wp\/v2\/media\/6643"}],"wp:attachment":[{"href":"https:\/\/catholiques17.fr\/souzy\/wp-json\/wp\/v2\/media?parent=6655"}],"wp:term":[{"taxonomy":"category","embeddable":true,"href":"https:\/\/catholiques17.fr\/souzy\/wp-json\/wp\/v2\/categories?post=6655"},{"taxonomy":"post_tag","embeddable":true,"href":"https:\/\/catholiques17.fr\/souzy\/wp-json\/wp\/v2\/tags?post=6655"}],"curies":[{"name":"wp","href":"https:\/\/api.w.org\/{rel}","templated":true}]}}