{"id":6631,"date":"2024-06-02T09:17:37","date_gmt":"2024-06-02T07:17:37","guid":{"rendered":"https:\/\/catholiques17.fr\/souzy\/?p=6631"},"modified":"2024-05-27T09:18:20","modified_gmt":"2024-05-27T07:18:20","slug":"expos-de-souzy-coques-en-stock","status":"publish","type":"post","link":"https:\/\/catholiques17.fr\/souzy\/expos-de-souzy-coques-en-stock\/","title":{"rendered":"[Expos de Souzy] : Coques en stock"},"content":{"rendered":"\n<div style=\"height:57px\" aria-hidden=\"true\" class=\"wp-block-spacer\"><\/div>\n\n\n\n<h3 class=\"wp-block-heading\">Ce mois-ci , La Rochelle accueille ses premi\u00e8res f\u00eates maritimes. La Maison de la Parole Jean-Baptiste Souzy, toujours attentive \u00e0 ce qui se vit d\u2019important l\u00e0 o\u00f9 elle est implant\u00e9e, a invit\u00e9 Jacques Caillaud dans son espace d\u2019exposition pour laisser la place aux vieilles coques color\u00e9es.<\/h3>\n\n\n\n<div style=\"height:46px\" aria-hidden=\"true\" class=\"wp-block-spacer\"><\/div>\n\n\n\n<p><em>Jacques, originaire de la Saintonge maritime, a toujours \u00e9t\u00e9 inspir\u00e9 par son territoire. Ces \u00e9tendues l\u2019ont invit\u00e9 \u00e0 \u00ab&nbsp;\u00e9crire avec la lumi\u00e8re&nbsp;\u00bb \u00e0 travers ses objectifs photos. De l\u2019exceptionnelle esth\u00e9tique du ciel local et du duo magique terre\/oc\u00e9an est n\u00e9 \u00ab&nbsp;Coques en stock&nbsp;\u00bb qui conjugue horizon, couleurs et graphisme tout \u00e9crit \u00e0 l\u2019argentique en format diapositive.<\/em><\/p>\n\n\n\n<p><em>Le centre Souzy a d\u00e9nich\u00e9 cette expo \u00e0 \u00ab&nbsp;l\u2019Escalle&nbsp;\u00bb, havre de paix et belle pause culinaire abrit\u00e9 sous le pont transbordeur du c\u00f4t\u00e9 d\u2019\u00c9chillais. \u00c0 d\u00e9couvrir absolument \u2026.<\/em><\/p>\n","protected":false},"excerpt":{"rendered":"<p>Ce mois-ci , La Rochelle accueille ses premi\u00e8res f\u00eates maritimes. La Maison de la Parole Jean-Baptiste Souzy, toujours attentive \u00e0 ce qui se vit d\u2019important l\u00e0 o\u00f9 elle est implant\u00e9e, [&hellip;]<\/p>\n","protected":false},"author":4,"featured_media":6623,"comment_status":"open","ping_status":"open","sticky":false,"template":"","format":"standard","meta":{"_et_pb_use_builder":"off","_et_pb_old_content":"","_et_gb_content_width":"","footnotes":""},"categories":[6],"tags":[],"class_list":["post-6631","post","type-post","status-publish","format-standard","has-post-thumbnail","hentry","category-actualite"],"_links":{"self":[{"href":"https:\/\/catholiques17.fr\/souzy\/wp-json\/wp\/v2\/posts\/6631","targetHints":{"allow":["GET"]}}],"collection":[{"href":"https:\/\/catholiques17.fr\/souzy\/wp-json\/wp\/v2\/posts"}],"about":[{"href":"https:\/\/catholiques17.fr\/souzy\/wp-json\/wp\/v2\/types\/post"}],"author":[{"embeddable":true,"href":"https:\/\/catholiques17.fr\/souzy\/wp-json\/wp\/v2\/users\/4"}],"replies":[{"embeddable":true,"href":"https:\/\/catholiques17.fr\/souzy\/wp-json\/wp\/v2\/comments?post=6631"}],"version-history":[{"count":2,"href":"https:\/\/catholiques17.fr\/souzy\/wp-json\/wp\/v2\/posts\/6631\/revisions"}],"predecessor-version":[{"id":6633,"href":"https:\/\/catholiques17.fr\/souzy\/wp-json\/wp\/v2\/posts\/6631\/revisions\/6633"}],"wp:featuredmedia":[{"embeddable":true,"href":"https:\/\/catholiques17.fr\/souzy\/wp-json\/wp\/v2\/media\/6623"}],"wp:attachment":[{"href":"https:\/\/catholiques17.fr\/souzy\/wp-json\/wp\/v2\/media?parent=6631"}],"wp:term":[{"taxonomy":"category","embeddable":true,"href":"https:\/\/catholiques17.fr\/souzy\/wp-json\/wp\/v2\/categories?post=6631"},{"taxonomy":"post_tag","embeddable":true,"href":"https:\/\/catholiques17.fr\/souzy\/wp-json\/wp\/v2\/tags?post=6631"}],"curies":[{"name":"wp","href":"https:\/\/api.w.org\/{rel}","templated":true}]}}