{"id":6579,"date":"2024-04-29T08:00:00","date_gmt":"2024-04-29T06:00:00","guid":{"rendered":"https:\/\/catholiques17.fr\/souzy\/?p=6579"},"modified":"2024-06-06T10:31:06","modified_gmt":"2024-06-06T08:31:06","slug":"vin-et-litterature-un-menu-prometteur","status":"publish","type":"post","link":"https:\/\/catholiques17.fr\/souzy\/vin-et-litterature-un-menu-prometteur\/","title":{"rendered":"Vin et litt\u00e9rature : un menu prometteur !"},"content":{"rendered":"\n<div style=\"height:75px\" aria-hidden=\"true\" class=\"wp-block-spacer\"><\/div>\n\n\n\n<h2 class=\"wp-block-heading has-text-align-center\">Le vin et la litt\u00e9rature ont toujours fait bon m\u00e9nage !<\/h2>\n\n\n\n<div style=\"height:40px\" aria-hidden=\"true\" class=\"wp-block-spacer\"><\/div>\n\n\n\n<p class=\"has-text-align-center has-medium-font-size\">C&rsquo;est la raison pour laquelle nous vous avons concoct\u00e9 une soir\u00e9e sp\u00e9ciale <\/p>\n\n\n\n<p class=\"has-text-align-center has-medium-font-size\">o\u00f9 les deux vont se m\u00ealer et se  nourrir&nbsp;mutuellement&nbsp;<\/p>\n\n\n\n<p class=\"has-text-align-center has-medium-font-size\">tandis que vous pourrez vous d\u00e9salt\u00e9rer et picorer de bonnes cho<em>ses.<\/em><\/p>\n\n\n\n<div style=\"height:46px\" aria-hidden=\"true\" class=\"wp-block-spacer\"><\/div>\n\n\n\n<figure class=\"wp-block-image aligncenter size-full\"><a href=\"https:\/\/catholiques17.fr\/souzy\/wp-content\/uploads\/sites\/28\/2024\/05\/Affiche-couleur-vin-rouge.png\"><img loading=\"lazy\" decoding=\"async\" width=\"566\" height=\"800\" src=\"https:\/\/catholiques17.fr\/souzy\/wp-content\/uploads\/sites\/28\/2024\/05\/Affiche-couleur-vin-rouge.png\" alt=\"\" class=\"wp-image-6635\" srcset=\"https:\/\/catholiques17.fr\/souzy\/wp-content\/uploads\/sites\/28\/2024\/05\/Affiche-couleur-vin-rouge.png 566w, https:\/\/catholiques17.fr\/souzy\/wp-content\/uploads\/sites\/28\/2024\/05\/Affiche-couleur-vin-rouge-480x678.png 480w\" sizes=\"(min-width: 0px) and (max-width: 480px) 480px, (min-width: 481px) 566px, 100vw\" \/><\/a><\/figure>\n\n\n\n<div style=\"height:100px\" aria-hidden=\"true\" class=\"wp-block-spacer\"><\/div>\n\n\n\n<p>Des intervenants, familiers des deux domaines, vous guideront dans&nbsp;ce voyage vinicolo-culturel, pour lequel, si vous \u00eates&nbsp;tent\u00e9, il est n\u00e9cessaire de r\u00e9server sa place au comptoir<em>.<\/em><\/p>\n\n\n\n<p>Le vin sera celui de l&rsquo;ESAT de l&rsquo;Arche en Anjou, partenaire de la soir\u00e9e<em>.<\/em><\/p>\n\n\n\n<p>Depuis quelques ann\u00e9es d\u00e9j\u00e0 l&rsquo;Arche en Anjou a fid\u00e9lis\u00e9 une client\u00e8le locale et vous pourrez non seulement go\u00fbter ces bons produits de leur terroir mais aussi les acheter &#8230;<\/p>\n\n\n\n<div style=\"height:55px\" aria-hidden=\"true\" class=\"wp-block-spacer\"><\/div>\n\n\n\n<div class=\"wp-block-buttons is-content-justification-center is-layout-flex wp-container-core-buttons-is-layout-16018d1d wp-block-buttons-is-layout-flex\">\n<div class=\"wp-block-button is-style-outline is-style-outline--1\"><a class=\"wp-block-button__link has-text-color has-link-color has-text-align-center wp-element-button\" href=\"http:\/\/www.arche-anjou.org\/\" style=\"color:#a51515\" target=\"_blank\" rel=\"noreferrer noopener\">Je d\u00e9couvre l&rsquo;Arche en Anjou<\/a><\/div>\n<\/div>\n","protected":false},"excerpt":{"rendered":"<p>Le vin et la litt\u00e9rature ont toujours fait bon m\u00e9nage ! C&rsquo;est la raison pour laquelle nous vous avons concoct\u00e9 une soir\u00e9e sp\u00e9ciale o\u00f9 les deux vont se m\u00ealer et [&hellip;]<\/p>\n","protected":false},"author":4,"featured_media":6580,"comment_status":"open","ping_status":"open","sticky":false,"template":"","format":"standard","meta":{"_et_pb_use_builder":"off","_et_pb_old_content":"<!-- wp:spacer {\"height\":\"75px\"} -->\n<div style=\"height:75px\" aria-hidden=\"true\" class=\"wp-block-spacer\"><\/div>\n<!-- \/wp:spacer -->\n\n<!-- wp:heading {\"textAlign\":\"center\"} -->\n<h2 class=\"wp-block-heading has-text-align-center\">Le vin et la litt\u00e9rature ont toujours fait bon m\u00e9nage !<\/h2>\n<!-- \/wp:heading -->\n\n<!-- wp:spacer {\"height\":\"40px\"} -->\n<div style=\"height:40px\" aria-hidden=\"true\" class=\"wp-block-spacer\"><\/div>\n<!-- \/wp:spacer -->\n\n<!-- wp:paragraph {\"align\":\"center\",\"fontSize\":\"medium\"} -->\n<p class=\"has-text-align-center has-medium-font-size\">C'est la raison pour laquelle nous vous avons concoct\u00e9 une soir\u00e9e sp\u00e9ciale <\/p>\n<!-- \/wp:paragraph -->\n\n<!-- wp:paragraph {\"align\":\"center\",\"fontSize\":\"medium\"} -->\n<p class=\"has-text-align-center has-medium-font-size\">o\u00f9 les deux vont se m\u00ealer et se  nourrir&nbsp;mutuellement&nbsp;<\/p>\n<!-- \/wp:paragraph -->\n\n<!-- wp:paragraph {\"align\":\"center\",\"fontSize\":\"medium\"} -->\n<p class=\"has-text-align-center has-medium-font-size\">tandis que vous pourrez vous d\u00e9salt\u00e9rer et picorer de bonnes cho<em>ses.<\/em><\/p>\n<!-- \/wp:paragraph -->\n\n<!-- wp:spacer {\"height\":\"46px\"} -->\n<div style=\"height:46px\" aria-hidden=\"true\" class=\"wp-block-spacer\"><\/div>\n<!-- \/wp:spacer -->\n\n<!-- wp:image {\"align\":\"center\",\"id\":6585,\"sizeSlug\":\"full\",\"linkDestination\":\"media\"} -->\n<figure class=\"wp-block-image aligncenter size-full\"><a href=\"https:\/\/catholiques17.fr\/souzy\/wp-content\/uploads\/sites\/28\/2024\/04\/Affiche-couleur-vin-rouge2.png\"><img src=\"https:\/\/catholiques17.fr\/souzy\/wp-content\/uploads\/sites\/28\/2024\/04\/Affiche-couleur-vin-rouge2.png\" alt=\"\" class=\"wp-image-6585\"\/><\/a><\/figure>\n<!-- \/wp:image -->\n\n<!-- wp:spacer -->\n<div style=\"height:100px\" aria-hidden=\"true\" class=\"wp-block-spacer\"><\/div>\n<!-- \/wp:spacer -->\n\n<!-- wp:paragraph -->\n<p>Des intervenants, familiers des deux domaines, vous guideront dans&nbsp;ce voyage vinicolo-culturel, pour lequel, si vous \u00eates&nbsp;tent\u00e9, il est n\u00e9cessaire de r\u00e9server sa place au comptoir<em>.<\/em><\/p>\n<!-- \/wp:paragraph -->\n\n<!-- wp:paragraph -->\n<p>Le vin sera celui de l'ESAT de l'Arche en Anjou, partenaire de la soir\u00e9e<em>.<\/em><\/p>\n<!-- \/wp:paragraph -->\n\n<!-- wp:paragraph -->\n<p>Depuis quelques ann\u00e9es d\u00e9j\u00e0 l'Arche en Anjou a fid\u00e9lis\u00e9 une client\u00e8le locale et vous pourrez non seulement go\u00fbter ces bons produits de leur terroir mais aussi les acheter ...<\/p>\n<!-- \/wp:paragraph -->\n\n<!-- wp:spacer {\"height\":\"55px\"} -->\n<div style=\"height:55px\" aria-hidden=\"true\" class=\"wp-block-spacer\"><\/div>\n<!-- \/wp:spacer -->\n\n<!-- wp:buttons {\"layout\":{\"type\":\"flex\",\"justifyContent\":\"center\"}} -->\n<div class=\"wp-block-buttons\"><!-- wp:button {\"textAlign\":\"center\",\"style\":{\"color\":{\"background\":\"#a51515\"}}} -->\n<div class=\"wp-block-button\"><a class=\"wp-block-button__link has-background has-text-align-center wp-element-button\" href=\"https:\/\/association-diocesaine.assoconnect.com\/collect\/description\/420846-l-soiree-vin-et-litterature-a-la-maison-de-la-parole-jean-baptiste-souzy\" style=\"background-color:#a51515\" target=\"_blank\" rel=\"noreferrer noopener\">Je r\u00e9serve ma place<\/a><\/div>\n<!-- \/wp:button -->\n\n<!-- wp:button {\"textAlign\":\"center\",\"style\":{\"elements\":{\"link\":{\"color\":{\"text\":\"#a51515\"}}},\"color\":{\"text\":\"#a51515\"}},\"className\":\"is-style-outline\"} -->\n<div class=\"wp-block-button is-style-outline\"><a class=\"wp-block-button__link has-text-color has-link-color has-text-align-center wp-element-button\" href=\"http:\/\/www.arche-anjou.org\/\" style=\"color:#a51515\" target=\"_blank\" rel=\"noreferrer noopener\">Je d\u00e9couvre l'Arche en Anjou<\/a><\/div>\n<!-- \/wp:button --><\/div>\n<!-- \/wp:buttons -->","_et_gb_content_width":"","footnotes":""},"categories":[6],"tags":[],"class_list":["post-6579","post","type-post","status-publish","format-standard","has-post-thumbnail","hentry","category-actualite"],"_links":{"self":[{"href":"https:\/\/catholiques17.fr\/souzy\/wp-json\/wp\/v2\/posts\/6579","targetHints":{"allow":["GET"]}}],"collection":[{"href":"https:\/\/catholiques17.fr\/souzy\/wp-json\/wp\/v2\/posts"}],"about":[{"href":"https:\/\/catholiques17.fr\/souzy\/wp-json\/wp\/v2\/types\/post"}],"author":[{"embeddable":true,"href":"https:\/\/catholiques17.fr\/souzy\/wp-json\/wp\/v2\/users\/4"}],"replies":[{"embeddable":true,"href":"https:\/\/catholiques17.fr\/souzy\/wp-json\/wp\/v2\/comments?post=6579"}],"version-history":[{"count":7,"href":"https:\/\/catholiques17.fr\/souzy\/wp-json\/wp\/v2\/posts\/6579\/revisions"}],"predecessor-version":[{"id":6640,"href":"https:\/\/catholiques17.fr\/souzy\/wp-json\/wp\/v2\/posts\/6579\/revisions\/6640"}],"wp:featuredmedia":[{"embeddable":true,"href":"https:\/\/catholiques17.fr\/souzy\/wp-json\/wp\/v2\/media\/6580"}],"wp:attachment":[{"href":"https:\/\/catholiques17.fr\/souzy\/wp-json\/wp\/v2\/media?parent=6579"}],"wp:term":[{"taxonomy":"category","embeddable":true,"href":"https:\/\/catholiques17.fr\/souzy\/wp-json\/wp\/v2\/categories?post=6579"},{"taxonomy":"post_tag","embeddable":true,"href":"https:\/\/catholiques17.fr\/souzy\/wp-json\/wp\/v2\/tags?post=6579"}],"curies":[{"name":"wp","href":"https:\/\/api.w.org\/{rel}","templated":true}]}}