{"id":6537,"date":"2024-03-08T10:21:15","date_gmt":"2024-03-08T09:21:15","guid":{"rendered":"https:\/\/catholiques17.fr\/souzy\/?p=6537"},"modified":"2024-03-08T11:10:19","modified_gmt":"2024-03-08T10:10:19","slug":"expos-de-souzy-nouvelles-visions-surjectives","status":"publish","type":"post","link":"https:\/\/catholiques17.fr\/souzy\/expos-de-souzy-nouvelles-visions-surjectives\/","title":{"rendered":"[Expos de Souzy] : Nouvelles visions surjectives"},"content":{"rendered":"\n<div style=\"height:76px\" aria-hidden=\"true\" class=\"wp-block-spacer\"><\/div>\n\n\n\n<p>Photographe plasticien, Jean-Michel Pouzet pratique une photographie contemporaine, minimaliste, coloriste et narrative, o\u00f9 l\u2019interpr\u00e9tation all\u00e9gorique est de mise.<\/p>\n\n\n\n<p>Son style est marqu\u00e9 par l\u2019utilisation de grands formats, les sujets sont pr\u00e9sent\u00e9s sous forme de s\u00e9ries, des images en duo avec un texte. Les clich\u00e9s repr\u00e9sentent des objets photographi\u00e9s en gros plan sur un \u00e9crin de ciel, objets qui perdent toute signification objective, totalement d\u00e9tourn\u00e9s de leurs fonctions premi\u00e8res.<\/p>\n\n\n\n<p>Le visiteur est appel\u00e9 \u00e0 faire usage des deux lectures : celle du texte, celle de l\u2019image et de les gouter ensemble comme si l\u2019une \u00e9tait le miroir de l\u2019autre, comme si l\u2019\u00e9crit plus l\u2019image \u00e9taient le texte et la musique d\u2019une \u00ab chanson photographique \u00bb.<\/p>\n\n\n\n<div style=\"height:67px\" aria-hidden=\"true\" class=\"wp-block-spacer\"><\/div>\n\n\n\n<div style=\"height:56px\" aria-hidden=\"true\" class=\"wp-block-spacer\"><\/div>\n\n\n\n<p class=\"has-text-align-center has-white-color has-vivid-red-background-color has-text-color has-background has-link-color wp-elements-90a94b2f14651a73d04c411ec5582007\"><strong>L\u2019exposition est visible du 8 mars au 17 avril, salle de la rotonde,<\/strong><\/p>\n\n\n\n<p class=\"has-text-align-center has-white-color has-vivid-red-background-color has-text-color has-background has-link-color wp-elements-309dc7f083a23852bfc34aec17750c4d\"><strong>les lundis, mardis, mercredis et vendredis de 15h \u00e0 18h<\/strong><\/p>\n\n\n\n<div style=\"height:36px\" aria-hidden=\"true\" class=\"wp-block-spacer\"><\/div>\n\n\n\n<p class=\"has-text-align-center has-vivid-red-color has-text-color has-link-color wp-elements-7ac1c953e5d7f8040f1e9e0364fe36e4\"><strong><em>Pour toute visite de l&rsquo;exposition durant les apr\u00e8s-midi<\/em><\/strong> <strong><em>en semaine entre 15h et 18h, <\/em><\/strong><\/p>\n\n\n\n<p class=\"has-text-align-center has-vivid-red-color has-text-color has-link-color wp-elements-019856189897f9ba7cdf934a105dead8\"><strong><em>veuillez vous assurer de la disponibilit\u00e9 de la salle en t\u00e9l\u00e9phonant auparavant au 05 46 44 77 13<\/em><\/strong><\/p>\n\n\n\n<div style=\"height:65px\" aria-hidden=\"true\" class=\"wp-block-spacer\"><\/div>\n\n\n\n<div class=\"wp-block-buttons is-content-justification-center is-layout-flex wp-container-core-buttons-is-layout-16018d1d wp-block-buttons-is-layout-flex\">\n<div class=\"wp-block-button is-style-outline is-style-outline--1\"><a class=\"wp-block-button__link has-vivid-red-color has-text-color has-link-color wp-element-button\" href=\"https:\/\/www.jeanmichelpouzet.com\/\" target=\"_blank\" rel=\"noreferrer noopener\">D\u00e9couvrir le site de l&rsquo;artiste<\/a><\/div>\n<\/div>\n\n\n\n<div style=\"height:100px\" aria-hidden=\"true\" class=\"wp-block-spacer\"><\/div>\n","protected":false},"excerpt":{"rendered":"<p>Photographe plasticien, Jean-Michel Pouzet pratique une photographie contemporaine, minimaliste, coloriste et narrative, o\u00f9 l\u2019interpr\u00e9tation all\u00e9gorique est de mise. Son style est marqu\u00e9 par l\u2019utilisation de grands formats, les sujets sont [&hellip;]<\/p>\n","protected":false},"author":4,"featured_media":6545,"comment_status":"open","ping_status":"open","sticky":false,"template":"","format":"standard","meta":{"_et_pb_use_builder":"off","_et_pb_old_content":"","_et_gb_content_width":"","footnotes":""},"categories":[6,16],"tags":[],"class_list":["post-6537","post","type-post","status-publish","format-standard","has-post-thumbnail","hentry","category-actualite","category-exposition"],"_links":{"self":[{"href":"https:\/\/catholiques17.fr\/souzy\/wp-json\/wp\/v2\/posts\/6537","targetHints":{"allow":["GET"]}}],"collection":[{"href":"https:\/\/catholiques17.fr\/souzy\/wp-json\/wp\/v2\/posts"}],"about":[{"href":"https:\/\/catholiques17.fr\/souzy\/wp-json\/wp\/v2\/types\/post"}],"author":[{"embeddable":true,"href":"https:\/\/catholiques17.fr\/souzy\/wp-json\/wp\/v2\/users\/4"}],"replies":[{"embeddable":true,"href":"https:\/\/catholiques17.fr\/souzy\/wp-json\/wp\/v2\/comments?post=6537"}],"version-history":[{"count":5,"href":"https:\/\/catholiques17.fr\/souzy\/wp-json\/wp\/v2\/posts\/6537\/revisions"}],"predecessor-version":[{"id":6548,"href":"https:\/\/catholiques17.fr\/souzy\/wp-json\/wp\/v2\/posts\/6537\/revisions\/6548"}],"wp:featuredmedia":[{"embeddable":true,"href":"https:\/\/catholiques17.fr\/souzy\/wp-json\/wp\/v2\/media\/6545"}],"wp:attachment":[{"href":"https:\/\/catholiques17.fr\/souzy\/wp-json\/wp\/v2\/media?parent=6537"}],"wp:term":[{"taxonomy":"category","embeddable":true,"href":"https:\/\/catholiques17.fr\/souzy\/wp-json\/wp\/v2\/categories?post=6537"},{"taxonomy":"post_tag","embeddable":true,"href":"https:\/\/catholiques17.fr\/souzy\/wp-json\/wp\/v2\/tags?post=6537"}],"curies":[{"name":"wp","href":"https:\/\/api.w.org\/{rel}","templated":true}]}}