{"id":6475,"date":"2024-01-29T10:23:33","date_gmt":"2024-01-29T09:23:33","guid":{"rendered":"https:\/\/catholiques17.fr\/souzy\/?p=6475"},"modified":"2024-01-29T10:23:34","modified_gmt":"2024-01-29T09:23:34","slug":"parcours-ignatien-a-loccasion-du-careme-2024","status":"publish","type":"post","link":"https:\/\/catholiques17.fr\/souzy\/parcours-ignatien-a-loccasion-du-careme-2024\/","title":{"rendered":"Parcours ignatien \u00e0 l&rsquo;occasion du Car\u00eame 2024"},"content":{"rendered":"\n<div style=\"height:72px\" aria-hidden=\"true\" class=\"wp-block-spacer\"><\/div>\n\n\n\n<p><strong>Le Car\u00eame est un temps de pr\u00e9paration \u00e0 la f\u00eate de P\u00e2ques, c\u0153ur de la foi chr\u00e9tienne, qui c\u00e9l\u00e8bre la r\u00e9surrection du Christ.  Il dure quarante jours. Ce chiffre symbolise les temps de pr\u00e9paration \u00e0 de nouveaux commencements. Durant cette p\u00e9riode, nous sommes appel\u00e9s \u00e0 nous recentrer sur l\u2019essentiel de nos vies, \u00e0 nous convertir dans notre rapport aux autres, \u00e0 nous-m\u00eame et \u00e0 Dieu pour \u00eatre plus disponible \u00e0 recevoir l\u2019amour de Dieu dans nos vies.<\/strong><\/p>\n\n\n\n<div style=\"height:48px\" aria-hidden=\"true\" class=\"wp-block-spacer\"><\/div>\n\n\n\n<figure class=\"wp-block-image aligncenter size-thumbnail\"><img loading=\"lazy\" decoding=\"async\" width=\"150\" height=\"150\" src=\"https:\/\/catholiques17.fr\/souzy\/wp-content\/uploads\/sites\/28\/2024\/01\/pngegg2-150x150.png\" alt=\"\" class=\"wp-image-6480\"\/><\/figure>\n\n\n\n<div style=\"height:64px\" aria-hidden=\"true\" class=\"wp-block-spacer\"><\/div>\n\n\n\n<p class=\"has-text-align-center\">Le chemin ignatien de Charente-Maritime vous propose <strong>3 soir\u00e9es<\/strong> de partage et de pri\u00e8re :<\/p>\n\n\n\n<p class=\"has-text-align-center\"> \u00ab\u00a0Avec J\u00e9sus, sur le chemin de sa P\u00e2ques\u00a0\u00bb, \u00e0 la maison de la parole Jean-Baptiste Souzy. <\/p>\n\n\n\n<p><\/p>\n\n\n\n<p class=\"has-text-align-center\"><strong>Inscription n\u00e9cessaire avant le 1er mars : <a href=\"mailto:chemin.ignatien17@gmail.com\" target=\"_blank\" rel=\"noreferrer noopener\">chemin.ignatien17@gmail.com<\/a><\/strong><\/p>\n\n\n\n<div style=\"height:61px\" aria-hidden=\"true\" class=\"wp-block-spacer\"><\/div>\n\n\n\n<figure class=\"wp-block-image aligncenter size-full\"><img loading=\"lazy\" decoding=\"async\" width=\"566\" height=\"800\" src=\"https:\/\/catholiques17.fr\/souzy\/wp-content\/uploads\/sites\/28\/2024\/01\/Affiche-parcours-Careme-2024-La-Rochelle_page-0001.jpg\" alt=\"\" class=\"wp-image-6476\" srcset=\"https:\/\/catholiques17.fr\/souzy\/wp-content\/uploads\/sites\/28\/2024\/01\/Affiche-parcours-Careme-2024-La-Rochelle_page-0001.jpg 566w, https:\/\/catholiques17.fr\/souzy\/wp-content\/uploads\/sites\/28\/2024\/01\/Affiche-parcours-Careme-2024-La-Rochelle_page-0001-480x678.jpg 480w\" sizes=\"(min-width: 0px) and (max-width: 480px) 480px, (min-width: 481px) 566px, 100vw\" \/><\/figure>\n\n\n\n<div style=\"height:61px\" aria-hidden=\"true\" class=\"wp-block-spacer\"><\/div>\n","protected":false},"excerpt":{"rendered":"<p>Le Car\u00eame est un temps de pr\u00e9paration \u00e0 la f\u00eate de P\u00e2ques, c\u0153ur de la foi chr\u00e9tienne, qui c\u00e9l\u00e8bre la r\u00e9surrection du Christ. Il dure quarante jours. Ce chiffre symbolise [&hellip;]<\/p>\n","protected":false},"author":4,"featured_media":6474,"comment_status":"open","ping_status":"open","sticky":false,"template":"","format":"standard","meta":{"_et_pb_use_builder":"off","_et_pb_old_content":"","_et_gb_content_width":"","footnotes":""},"categories":[6,17],"tags":[],"class_list":["post-6475","post","type-post","status-publish","format-standard","has-post-thumbnail","hentry","category-actualite","category-spiritualite"],"_links":{"self":[{"href":"https:\/\/catholiques17.fr\/souzy\/wp-json\/wp\/v2\/posts\/6475","targetHints":{"allow":["GET"]}}],"collection":[{"href":"https:\/\/catholiques17.fr\/souzy\/wp-json\/wp\/v2\/posts"}],"about":[{"href":"https:\/\/catholiques17.fr\/souzy\/wp-json\/wp\/v2\/types\/post"}],"author":[{"embeddable":true,"href":"https:\/\/catholiques17.fr\/souzy\/wp-json\/wp\/v2\/users\/4"}],"replies":[{"embeddable":true,"href":"https:\/\/catholiques17.fr\/souzy\/wp-json\/wp\/v2\/comments?post=6475"}],"version-history":[{"count":3,"href":"https:\/\/catholiques17.fr\/souzy\/wp-json\/wp\/v2\/posts\/6475\/revisions"}],"predecessor-version":[{"id":6481,"href":"https:\/\/catholiques17.fr\/souzy\/wp-json\/wp\/v2\/posts\/6475\/revisions\/6481"}],"wp:featuredmedia":[{"embeddable":true,"href":"https:\/\/catholiques17.fr\/souzy\/wp-json\/wp\/v2\/media\/6474"}],"wp:attachment":[{"href":"https:\/\/catholiques17.fr\/souzy\/wp-json\/wp\/v2\/media?parent=6475"}],"wp:term":[{"taxonomy":"category","embeddable":true,"href":"https:\/\/catholiques17.fr\/souzy\/wp-json\/wp\/v2\/categories?post=6475"},{"taxonomy":"post_tag","embeddable":true,"href":"https:\/\/catholiques17.fr\/souzy\/wp-json\/wp\/v2\/tags?post=6475"}],"curies":[{"name":"wp","href":"https:\/\/api.w.org\/{rel}","templated":true}]}}