{"id":6445,"date":"2023-12-15T08:53:20","date_gmt":"2023-12-15T07:53:20","guid":{"rendered":"https:\/\/catholiques17.fr\/souzy\/?p=6445"},"modified":"2023-12-15T10:29:53","modified_gmt":"2023-12-15T09:29:53","slug":"forum-de-souzy-la-transmission-des-savoirs-en-crise","status":"publish","type":"post","link":"https:\/\/catholiques17.fr\/souzy\/forum-de-souzy-la-transmission-des-savoirs-en-crise\/","title":{"rendered":"Forum de Souzy : la transmission des savoirs en crise ?"},"content":{"rendered":"\n<div style=\"height:62px\" aria-hidden=\"true\" class=\"wp-block-spacer\"><\/div>\n\n\n\n<h2 class=\"wp-block-heading\">Cette ann\u00e9e, la question de la transmission est au c\u0153ur des soir\u00e9es propos\u00e9es par la Maison de la Parole Jean-Baptiste Souzy.<\/h2>\n\n\n\n<div style=\"height:41px\" aria-hidden=\"true\" class=\"wp-block-spacer\"><\/div>\n\n\n\n<p><strong>Pour cette troisi\u00e8me rencontre<\/strong>, la question de&nbsp;la transmission des savoirs&nbsp;sera abord\u00e9e dans le cadre d&rsquo;une table ronde avec  Fran\u00e7ois ASSELIN et Daniel PEYRON.<\/p>\n\n\n\n<p>\u2192 Rendez-vous le<strong> vendredi 26 janvier 2024, \u00e0 20h<\/strong>, <span style=\"text-decoration: underline;\">salle de l&rsquo;Oratoire<\/span> \u00e0 la Rochelle.<\/p>\n\n\n\n<div style=\"height:46px\" aria-hidden=\"true\" class=\"wp-block-spacer\"><\/div>\n\n\n\n<p>Ouvert \u00e0 tous ; participation de 7euros (gratuit\u00e9 pour les mineurs et les \u00e9tudiants)<\/p>\n\n\n\n<div style=\"height:62px\" aria-hidden=\"true\" class=\"wp-block-spacer\"><\/div>\n\n\n\n<div class=\"wp-block-buttons is-content-justification-center is-layout-flex wp-container-core-buttons-is-layout-16018d1d wp-block-buttons-is-layout-flex\">\n<div class=\"wp-block-button\"><a class=\"wp-block-button__link has-luminous-vivid-orange-background-color has-background has-text-align-center wp-element-button\" href=\"https:\/\/catholiques17.fr\/souzy\/wp-content\/uploads\/sites\/28\/2023\/12\/Affiche-programme-2023-2024.pdf\" target=\"_blank\" rel=\"noreferrer noopener\">Calendrier Forum 2023-2024<\/a><\/div>\n<\/div>\n","protected":false},"excerpt":{"rendered":"<p>Cette ann\u00e9e, la question de la transmission est au c\u0153ur des soir\u00e9es propos\u00e9es par la Maison de la Parole Jean-Baptiste Souzy. Pour cette troisi\u00e8me rencontre, la question de&nbsp;la transmission des [&hellip;]<\/p>\n","protected":false},"author":4,"featured_media":6444,"comment_status":"open","ping_status":"open","sticky":false,"template":"","format":"standard","meta":{"_et_pb_use_builder":"off","_et_pb_old_content":"","_et_gb_content_width":"","footnotes":""},"categories":[6],"tags":[],"class_list":["post-6445","post","type-post","status-publish","format-standard","has-post-thumbnail","hentry","category-actualite"],"_links":{"self":[{"href":"https:\/\/catholiques17.fr\/souzy\/wp-json\/wp\/v2\/posts\/6445","targetHints":{"allow":["GET"]}}],"collection":[{"href":"https:\/\/catholiques17.fr\/souzy\/wp-json\/wp\/v2\/posts"}],"about":[{"href":"https:\/\/catholiques17.fr\/souzy\/wp-json\/wp\/v2\/types\/post"}],"author":[{"embeddable":true,"href":"https:\/\/catholiques17.fr\/souzy\/wp-json\/wp\/v2\/users\/4"}],"replies":[{"embeddable":true,"href":"https:\/\/catholiques17.fr\/souzy\/wp-json\/wp\/v2\/comments?post=6445"}],"version-history":[{"count":3,"href":"https:\/\/catholiques17.fr\/souzy\/wp-json\/wp\/v2\/posts\/6445\/revisions"}],"predecessor-version":[{"id":6459,"href":"https:\/\/catholiques17.fr\/souzy\/wp-json\/wp\/v2\/posts\/6445\/revisions\/6459"}],"wp:featuredmedia":[{"embeddable":true,"href":"https:\/\/catholiques17.fr\/souzy\/wp-json\/wp\/v2\/media\/6444"}],"wp:attachment":[{"href":"https:\/\/catholiques17.fr\/souzy\/wp-json\/wp\/v2\/media?parent=6445"}],"wp:term":[{"taxonomy":"category","embeddable":true,"href":"https:\/\/catholiques17.fr\/souzy\/wp-json\/wp\/v2\/categories?post=6445"},{"taxonomy":"post_tag","embeddable":true,"href":"https:\/\/catholiques17.fr\/souzy\/wp-json\/wp\/v2\/tags?post=6445"}],"curies":[{"name":"wp","href":"https:\/\/api.w.org\/{rel}","templated":true}]}}