{"id":6356,"date":"2023-11-13T12:08:24","date_gmt":"2023-11-13T11:08:24","guid":{"rendered":"https:\/\/catholiques17.fr\/souzy\/?p=6356"},"modified":"2023-11-13T12:08:27","modified_gmt":"2023-11-13T11:08:27","slug":"forum-de-souzy-lart-creation-et-ou-transmission","status":"publish","type":"post","link":"https:\/\/catholiques17.fr\/souzy\/forum-de-souzy-lart-creation-et-ou-transmission\/","title":{"rendered":"Forum de Souzy : l&rsquo;art, cr\u00e9ation et\/ou transmission ?"},"content":{"rendered":"\n<div style=\"height:71px\" aria-hidden=\"true\" class=\"wp-block-spacer\"><\/div>\n\n\n\n<h2 class=\"wp-block-heading has-text-align-center\"><strong>Cette ann\u00e9e, la question de la transmission <\/strong><\/h2>\n\n\n\n<h2 class=\"wp-block-heading has-text-align-center\"><strong>est au c\u0153ur des soir\u00e9es propos\u00e9es <\/strong><\/h2>\n\n\n\n<h2 class=\"wp-block-heading has-text-align-center\"><strong>\u00e0 la Maison de la Parole Jean-Baptiste Souzy.<\/strong><\/h2>\n\n\n\n<div style=\"height:77px\" aria-hidden=\"true\" class=\"wp-block-spacer\"><\/div>\n\n\n\n<p><strong>Pour cette deuxi\u00e8me rencontre<\/strong>, la question de <strong>\u201cl\u2019art : cr\u00e9ation et\/ou transmission ?\u201d<\/strong> sera abord\u00e9e par trois intervenants : Annick Jager, Bruce Krebs et Didier Roten.<\/p>\n\n\n\n<div style=\"height:56px\" aria-hidden=\"true\" class=\"wp-block-spacer\"><\/div>\n\n\n\n<p>\u2192  Rendez-vous le <strong>mardi 5 d\u00e9cembre 2023, \u00e0 20h<\/strong>, \u00e0 la maison de la Parole JB Souzy.<\/p>\n\n\n\n<p>Ouvert \u00e0 tous ; participation de 7euros (gratuit\u00e9 pour les mineurs et les \u00e9tudiants)<\/p>\n\n\n\n<div style=\"height:61px\" aria-hidden=\"true\" class=\"wp-block-spacer\"><\/div>\n","protected":false},"excerpt":{"rendered":"<p>Cette ann\u00e9e, la question de la transmission est au c\u0153ur des soir\u00e9es propos\u00e9es \u00e0 la Maison de la Parole Jean-Baptiste Souzy. Pour cette deuxi\u00e8me rencontre, la question de \u201cl\u2019art : [&hellip;]<\/p>\n","protected":false},"author":4,"featured_media":6357,"comment_status":"open","ping_status":"open","sticky":false,"template":"","format":"standard","meta":{"_et_pb_use_builder":"off","_et_pb_old_content":"","_et_gb_content_width":"","footnotes":""},"categories":[6,20],"tags":[],"class_list":["post-6356","post","type-post","status-publish","format-standard","has-post-thumbnail","hentry","category-actualite","category-forum"],"_links":{"self":[{"href":"https:\/\/catholiques17.fr\/souzy\/wp-json\/wp\/v2\/posts\/6356","targetHints":{"allow":["GET"]}}],"collection":[{"href":"https:\/\/catholiques17.fr\/souzy\/wp-json\/wp\/v2\/posts"}],"about":[{"href":"https:\/\/catholiques17.fr\/souzy\/wp-json\/wp\/v2\/types\/post"}],"author":[{"embeddable":true,"href":"https:\/\/catholiques17.fr\/souzy\/wp-json\/wp\/v2\/users\/4"}],"replies":[{"embeddable":true,"href":"https:\/\/catholiques17.fr\/souzy\/wp-json\/wp\/v2\/comments?post=6356"}],"version-history":[{"count":1,"href":"https:\/\/catholiques17.fr\/souzy\/wp-json\/wp\/v2\/posts\/6356\/revisions"}],"predecessor-version":[{"id":6358,"href":"https:\/\/catholiques17.fr\/souzy\/wp-json\/wp\/v2\/posts\/6356\/revisions\/6358"}],"wp:featuredmedia":[{"embeddable":true,"href":"https:\/\/catholiques17.fr\/souzy\/wp-json\/wp\/v2\/media\/6357"}],"wp:attachment":[{"href":"https:\/\/catholiques17.fr\/souzy\/wp-json\/wp\/v2\/media?parent=6356"}],"wp:term":[{"taxonomy":"category","embeddable":true,"href":"https:\/\/catholiques17.fr\/souzy\/wp-json\/wp\/v2\/categories?post=6356"},{"taxonomy":"post_tag","embeddable":true,"href":"https:\/\/catholiques17.fr\/souzy\/wp-json\/wp\/v2\/tags?post=6356"}],"curies":[{"name":"wp","href":"https:\/\/api.w.org\/{rel}","templated":true}]}}