{"id":6295,"date":"2023-10-11T09:22:13","date_gmt":"2023-10-11T07:22:13","guid":{"rendered":"https:\/\/catholiques17.fr\/souzy\/?p=6295"},"modified":"2023-10-11T09:24:27","modified_gmt":"2023-10-11T07:24:27","slug":"connaissez-vous-les-tables-du-monde","status":"publish","type":"post","link":"https:\/\/catholiques17.fr\/souzy\/connaissez-vous-les-tables-du-monde\/","title":{"rendered":"Connaissez-vous les tables du monde ?"},"content":{"rendered":"\n<div style=\"height:46px\" aria-hidden=\"true\" class=\"wp-block-spacer\"><\/div>\n\n\n\n<p>Tous les quinze jours,<a href=\"https:\/\/catholiques17.fr\/souzy\/rencontres-et-debats\/atelier-cuisine\/\" target=\"_blank\" rel=\"noreferrer noopener\"> l&rsquo;atelier cuisine<\/a> se retrouve \u00e0 la maison de la Parole, gr\u00e2ce \u00e0 Mich\u00e8le Pointillard, \u00e9quipi\u00e8re du Secours Catholique de la Rochelle. Toute une \u00e9quipe de cuisini\u00e8res b\u00e9n\u00e9voles s&rsquo;y retrouve, pour le plaisir de confectionner ensemble de bons petits plats, mais aussi pour celui de vivre ensemble un moment fraternel et amical. Les prochains ateliers cuisine, ouverts \u00e0 tous, auront lieu le 20 octobre, 10 novembre, 24 novembre, 8 d\u00e9cembre et 22 d\u00e9cembre.<\/p>\n\n\n\n<div style=\"height:54px\" aria-hidden=\"true\" class=\"wp-block-spacer\"><\/div>\n\n\n\n<p>Chaque mois, il est possible de venir d\u00e9guster les r\u00e9alisations culinaires de l&rsquo;atelier cuisine en participant \u00e0 la <strong>TABLE DU MONDE.<\/strong> Il suffit de s&rsquo;inscrire aupr\u00e8s de Mich\u00e8le pour participer au d\u00e9jeuner, qui, en plus d&rsquo;\u00eatre d\u00e9licieux, vous permettra de rencontrer des personnes avec lesquelles vous aurez plaisir \u00e0 converser. Le menu est compos\u00e9 principalement de produits invendus, parce que mal \u00ab\u00a0calibr\u00e9s\u00a0\u00bb par exemple, toujours de saison et r\u00e9colt\u00e9s localement. Libre participation au repas, une petite bo\u00eete, plac\u00e9e \u00e0 la sortie, vous permettra de donner une participation, en fonction de vos possibilit\u00e9s.<\/p>\n\n\n\n<p><\/p>\n\n\n\n<div style=\"height:39px\" aria-hidden=\"true\" class=\"wp-block-spacer\"><\/div>\n\n\n\n<p class=\"has-text-align-center has-white-color has-text-color has-background\" style=\"background-color:#b51616\">Prochaines dates 2023 de la Table du monde :<\/p>\n\n\n\n<p class=\"has-text-align-center has-white-color has-text-color has-background\" style=\"background-color:#b51616\">10 novembre &#8211; 22 d\u00e9cembre<\/p>\n\n\n\n<div style=\"height:38px\" aria-hidden=\"true\" class=\"wp-block-spacer\"><\/div>\n\n\n\n<p class=\"has-text-align-center\"><strong>Contact : Mich\u00e8le Pointillard &#8211; 06 60 13 67 16<\/strong><\/p>\n\n\n\n<div style=\"height:66px\" aria-hidden=\"true\" class=\"wp-block-spacer\"><\/div>\n","protected":false},"excerpt":{"rendered":"<p>Tous les quinze jours, l&rsquo;atelier cuisine se retrouve \u00e0 la maison de la Parole, gr\u00e2ce \u00e0 Mich\u00e8le Pointillard, \u00e9quipi\u00e8re du Secours Catholique de la Rochelle. Toute une \u00e9quipe de cuisini\u00e8res [&hellip;]<\/p>\n","protected":false},"author":4,"featured_media":6269,"comment_status":"open","ping_status":"open","sticky":false,"template":"","format":"standard","meta":{"_et_pb_use_builder":"off","_et_pb_old_content":"","_et_gb_content_width":"","footnotes":""},"categories":[6,22],"tags":[],"class_list":["post-6295","post","type-post","status-publish","format-standard","has-post-thumbnail","hentry","category-actualite","category-secours-catholique"],"_links":{"self":[{"href":"https:\/\/catholiques17.fr\/souzy\/wp-json\/wp\/v2\/posts\/6295","targetHints":{"allow":["GET"]}}],"collection":[{"href":"https:\/\/catholiques17.fr\/souzy\/wp-json\/wp\/v2\/posts"}],"about":[{"href":"https:\/\/catholiques17.fr\/souzy\/wp-json\/wp\/v2\/types\/post"}],"author":[{"embeddable":true,"href":"https:\/\/catholiques17.fr\/souzy\/wp-json\/wp\/v2\/users\/4"}],"replies":[{"embeddable":true,"href":"https:\/\/catholiques17.fr\/souzy\/wp-json\/wp\/v2\/comments?post=6295"}],"version-history":[{"count":3,"href":"https:\/\/catholiques17.fr\/souzy\/wp-json\/wp\/v2\/posts\/6295\/revisions"}],"predecessor-version":[{"id":6298,"href":"https:\/\/catholiques17.fr\/souzy\/wp-json\/wp\/v2\/posts\/6295\/revisions\/6298"}],"wp:featuredmedia":[{"embeddable":true,"href":"https:\/\/catholiques17.fr\/souzy\/wp-json\/wp\/v2\/media\/6269"}],"wp:attachment":[{"href":"https:\/\/catholiques17.fr\/souzy\/wp-json\/wp\/v2\/media?parent=6295"}],"wp:term":[{"taxonomy":"category","embeddable":true,"href":"https:\/\/catholiques17.fr\/souzy\/wp-json\/wp\/v2\/categories?post=6295"},{"taxonomy":"post_tag","embeddable":true,"href":"https:\/\/catholiques17.fr\/souzy\/wp-json\/wp\/v2\/tags?post=6295"}],"curies":[{"name":"wp","href":"https:\/\/api.w.org\/{rel}","templated":true}]}}