{"id":6277,"date":"2023-09-12T14:18:37","date_gmt":"2023-09-12T12:18:37","guid":{"rendered":"https:\/\/catholiques17.fr\/souzy\/?p=6277"},"modified":"2023-10-24T13:58:48","modified_gmt":"2023-10-24T11:58:48","slug":"conference-proposee-par-lamitie-judeo-chretienne-en-charente-maritime","status":"publish","type":"post","link":"https:\/\/catholiques17.fr\/souzy\/conference-proposee-par-lamitie-judeo-chretienne-en-charente-maritime\/","title":{"rendered":"Conf\u00e9rence propos\u00e9e par l&rsquo;amiti\u00e9 jud\u00e9o-chr\u00e9tienne en Charente-Maritime"},"content":{"rendered":"\n<div style=\"height:47px\" aria-hidden=\"true\" class=\"wp-block-spacer\"><\/div>\n\n\n\n<p>Le lundi 16 octobre, \u00e0 18h \u00e0 la maison de la Parole, une conf\u00e9rence anim\u00e9e par le P\u00e8re Jean-Pierre Samoride (r\u00e9f\u00e9rent dioc\u00e9sain pour le dialogue inter-religieux), sera propos\u00e9e sur le th\u00e8me \u00ab\u00a0D\u00e9construire l\u2019antijuda\u00efsme chr\u00e9tien\u00a0\u00bb, \u00e0 partir du livre paru en mai dernier.<\/p>\n\n\n\n<div style=\"height:40px\" aria-hidden=\"true\" class=\"wp-block-spacer\"><\/div>\n\n\n\n<figure class=\"wp-block-image aligncenter size-full\"><a href=\"https:\/\/catholiques17.fr\/souzy\/wp-content\/uploads\/sites\/28\/2023\/10\/Antijudaisme.png\"><img loading=\"lazy\" decoding=\"async\" width=\"240\" height=\"382\" src=\"https:\/\/catholiques17.fr\/souzy\/wp-content\/uploads\/sites\/28\/2023\/10\/Antijudaisme.png\" alt=\"\" class=\"wp-image-6278\" srcset=\"https:\/\/catholiques17.fr\/souzy\/wp-content\/uploads\/sites\/28\/2023\/10\/Antijudaisme.png 240w, https:\/\/catholiques17.fr\/souzy\/wp-content\/uploads\/sites\/28\/2023\/10\/Antijudaisme-188x300.png 188w\" sizes=\"(max-width: 240px) 100vw, 240px\" \/><\/a><\/figure>\n\n\n\n<div style=\"height:58px\" aria-hidden=\"true\" class=\"wp-block-spacer\"><\/div>\n\n\n\n<figure class=\"wp-block-pullquote\"><blockquote><p>\u00ab\u00a0<em>Ce livre est, \u00e0 mes yeux, un t\u00e9moignage d\u2019espoir, de confiance, en l\u2019intelligence humaine. Car c\u2019est bien une d\u00e9marche de foi, et de singuli\u00e8re\u00a0esp\u00e9rance, [\u2026] que de souhaiter faire bouger des lignes, que vingt si\u00e8cles n\u2019ont pas su modifier<\/em>\u00a0\u00bb.<\/p><cite>Ha\u00efm Korsia, grand rabbin de France<\/cite><\/blockquote><\/figure>\n\n\n\n<div style=\"height:55px\" aria-hidden=\"true\" class=\"wp-block-spacer\"><\/div>\n\n\n\n<p class=\"has-text-align-center has-white-color has-text-color has-background\" style=\"background-color:#c44343\">Le Service national des relations avec les juifs (SNRJ) de la\u00a0<a href=\"https:\/\/eglise.catholique.fr\/glossaire\/conference-des-eveques-de-france\">Conf\u00e9rence des \u00e9v\u00eaques de France<\/a>\u00a0(CEF) publie le 1er\u00a0juin 2023 l\u2019ouvrage : \u00ab D\u00e9construire l\u2019Antijuda\u00efsme chr\u00e9tien \u00bb. Un manuel qui s\u2019attaque aux pr\u00e9jug\u00e9s et aux mythes de l\u2019antijuda\u00efsme. Hautement symbolique, le lancement s\u2019est d\u00e9roul\u00e9 dans les locaux au Fonds social juif unifi\u00e9 (FSJU), institution tr\u00e8s importante du juda\u00efsme fran\u00e7ais.<\/p>\n\n\n\n<p class=\"has-text-align-center has-white-color has-text-color has-background\" style=\"background-color:#c44343\">D\u00e9coup\u00e9 en vingt chapitres, le livre : \u00ab D\u00e9construire l\u2019antijuda\u00efsme chr\u00e9tien \u00bb (\u00e9ditions du Cerf) qui reprend soixante ans de l\u2019enseignement catholique de l\u2019\u00c9glise est un \u00ab&nbsp;<em>outil pour d\u00e9construire les clich\u00e9s et les pr\u00e9jug\u00e9s ayant nourri l\u2019antijuda\u00efsme chr\u00e9tien<\/em>&nbsp;\u00bb, a introduit le P\u00e8re Christophe Le Sourt, directeur du Service National pour les relations avec le juda\u00efsme (SNRJ), lors d\u2019une conf\u00e9rence de presse.<\/p>\n\n\n\n<p class=\"has-text-align-center has-white-color has-text-color has-background\" style=\"background-color:#c44343\">L\u2019objectif du livre ? \u00ab <em>Faire la distinction entre l\u2019antis\u00e9mitisme et l\u2019antijuda\u00efsme avec la sp\u00e9cificit\u00e9 de l\u2019antijuda\u00efsme chr\u00e9tien qui est en particulier porteur de deux pr\u00e9jug\u00e9s : le peuple d\u00e9icide et la notion de substitution<\/em>&nbsp;\u00bb, pr\u00e9cise le P\u00e8re Le Sourt. \u00ab&nbsp;<em>Il ne s\u2019agit pas d\u2019une suspicion vis-\u00e0-vis des uns et des autres. Au contraire, ce livre doit devenir habituel pour tous ceux qui ont envie d\u2019aller plus loin dans le dialogue fraternel<\/em>&nbsp;\u00bb, a-t-il soulign\u00e9.<\/p>\n\n\n\n<p class=\"has-text-align-center has-white-color has-text-color has-background\" style=\"background-color:#c44343\">Depuis plus d\u2019un demi-si\u00e8cle, l\u2019\u00c9glise redit avec d\u00e9termination le lien unique qui la relie spirituellement \u00e0 la lign\u00e9e d\u2019Abraham et aussi que les juifs sont \u00ab\u00a0<em>nos fr\u00e8res bien-aim\u00e9s<\/em>\u00a0\u00bb, comme le pr\u00e9cisait\u00a0<a href=\"https:\/\/eglise.catholique.fr\/vatican\/les-papes-recents\/beatification-de-jean-paul-ii\/370704-biographie-de-karol-wojtyla-pape-jean-paul-ii\/\">le Pape Jean-Paul II<\/a>. Ce rapprochement entre les communaut\u00e9s juives et catholiques, il a fallu le construire, ann\u00e9es apr\u00e8s ann\u00e9es. \u00ab\u00a0<em>Au d\u00e9part, il y avait un regard m\u00e9fiant. Aujourd\u2019hui par nos repr\u00e9sentants religieux nationaux et par ses actes pos\u00e9s, un climat de confiance et d\u2019amiti\u00e9 s\u2019est instaur\u00e9<\/em>\u00a0\u00bb, rel\u00e8ve le rabbin Moche Lewin, vice-pr\u00e9sident de la Conf\u00e9rence des rabbins europ\u00e9ens. \u00ab\u00a0<em>Il y a eu un cheminement, \u00e9tapes par \u00e9tapes<\/em>\u00a0;\u00a0<em>d\u2019abord avec\u00a0<a href=\"https:\/\/eglise.catholique.fr\/actualites\/408702-cinquantenaire-de-nostra-aetate\/\">l\u2019acte de Nostra Aetate en 1965<\/a>\u00a0puis en 1986, avec la\u00a0<a href=\"https:\/\/eglise.catholique.fr\/approfondir-sa-foi\/vivre-sa-foi-a-tous-les-ages\/relationsjudaisme\/525615-35-ans-de-dialogue-entre-leglise-et-le-judaisme-reconciliation-et-temoignage\/\">premi\u00e8re visite du Pape Jean-Paul II dans une synagogue, \u00e0 Rome<\/a><\/em>\u00a0\u00bb, ajoute-t-il.<\/p>\n\n\n\n<div style=\"height:39px\" aria-hidden=\"true\" class=\"wp-block-spacer\"><\/div>\n\n\n\n<div class=\"wp-block-buttons has-custom-font-size has-medium-font-size is-content-justification-center is-layout-flex wp-container-core-buttons-is-layout-16018d1d wp-block-buttons-is-layout-flex\">\n<div class=\"wp-block-button has-custom-width wp-block-button__width-25 is-style-outline is-style-outline--1\"><a class=\"wp-block-button__link has-text-color wp-element-button\" href=\"https:\/\/eglise.catholique.fr\/approfondir-sa-foi\/vivre-sa-foi-a-tous-les-ages\/relationsjudaisme\/542049-deconstruire-lantijudaisme-chretien\/\" style=\"color:#c44343\" target=\"_blank\" rel=\"noreferrer noopener\">Lire l&rsquo;article<\/a><\/div>\n<\/div>\n\n\n\n<div style=\"height:58px\" aria-hidden=\"true\" class=\"wp-block-spacer\"><\/div>\n","protected":false},"excerpt":{"rendered":"<p>Le lundi 16 octobre, \u00e0 18h \u00e0 la maison de la Parole, une conf\u00e9rence anim\u00e9e par le P\u00e8re Jean-Pierre Samoride (r\u00e9f\u00e9rent dioc\u00e9sain pour le dialogue inter-religieux), sera propos\u00e9e sur le [&hellip;]<\/p>\n","protected":false},"author":4,"featured_media":6274,"comment_status":"open","ping_status":"open","sticky":false,"template":"","format":"standard","meta":{"_et_pb_use_builder":"off","_et_pb_old_content":"","_et_gb_content_width":"","footnotes":""},"categories":[6,21],"tags":[],"class_list":["post-6277","post","type-post","status-publish","format-standard","has-post-thumbnail","hentry","category-actualite","category-inter-religieux"],"_links":{"self":[{"href":"https:\/\/catholiques17.fr\/souzy\/wp-json\/wp\/v2\/posts\/6277","targetHints":{"allow":["GET"]}}],"collection":[{"href":"https:\/\/catholiques17.fr\/souzy\/wp-json\/wp\/v2\/posts"}],"about":[{"href":"https:\/\/catholiques17.fr\/souzy\/wp-json\/wp\/v2\/types\/post"}],"author":[{"embeddable":true,"href":"https:\/\/catholiques17.fr\/souzy\/wp-json\/wp\/v2\/users\/4"}],"replies":[{"embeddable":true,"href":"https:\/\/catholiques17.fr\/souzy\/wp-json\/wp\/v2\/comments?post=6277"}],"version-history":[{"count":3,"href":"https:\/\/catholiques17.fr\/souzy\/wp-json\/wp\/v2\/posts\/6277\/revisions"}],"predecessor-version":[{"id":6281,"href":"https:\/\/catholiques17.fr\/souzy\/wp-json\/wp\/v2\/posts\/6277\/revisions\/6281"}],"wp:featuredmedia":[{"embeddable":true,"href":"https:\/\/catholiques17.fr\/souzy\/wp-json\/wp\/v2\/media\/6274"}],"wp:attachment":[{"href":"https:\/\/catholiques17.fr\/souzy\/wp-json\/wp\/v2\/media?parent=6277"}],"wp:term":[{"taxonomy":"category","embeddable":true,"href":"https:\/\/catholiques17.fr\/souzy\/wp-json\/wp\/v2\/categories?post=6277"},{"taxonomy":"post_tag","embeddable":true,"href":"https:\/\/catholiques17.fr\/souzy\/wp-json\/wp\/v2\/tags?post=6277"}],"curies":[{"name":"wp","href":"https:\/\/api.w.org\/{rel}","templated":true}]}}