{"id":7270,"global_id":"catholiques17.fr\/souzy?id=7270","global_id_lineage":["catholiques17.fr\/souzy?id=7270"],"author":"4","status":"publish","date":"2025-09-05 15:10:36","date_utc":"2025-09-05 13:10:36","modified":"2025-09-05 15:16:05","modified_utc":"2025-09-05 13:16:05","url":"https:\/\/catholiques17.fr\/souzy\/event\/halte-spirituelle-etre-signe-desperance\/","rest_url":"https:\/\/catholiques17.fr\/souzy\/wp-json\/tribe\/events\/v1\/events\/7270","title":"Halte spirituelle : Etre signe d&rsquo;esp\u00e9rance","description":"<p>A l\u2019invitation du Chemin ignatien 17, une halte spirituelle est propos\u00e9e le Samedi 29 novembre \u00e0 la Maison de la prole JB Souzy, de 9h30 \u00e0 16h30<br \/>\nChacun apporte son pique-nique.<\/p>\n<p>Il n\u2019est pas n\u00e9cessaire d\u2019avoir particip\u00e9 aux rencontres pr\u00e9c\u00e9dentes pour venir \u00e0 celle-ci<img loading=\"lazy\" decoding=\"async\" class=\"alignleft size-full wp-image-7127\" src=\"https:\/\/catholiques17.fr\/souzy\/wp-content\/uploads\/sites\/28\/2025\/03\/Chemin-ignatien17-verso.jpg\" alt=\"\" width=\"800\" height=\"565\" srcset=\"https:\/\/catholiques17.fr\/souzy\/wp-content\/uploads\/sites\/28\/2025\/03\/Chemin-ignatien17-verso.jpg 800w, https:\/\/catholiques17.fr\/souzy\/wp-content\/uploads\/sites\/28\/2025\/03\/Chemin-ignatien17-verso-480x339.jpg 480w\" sizes=\"(min-width: 0px) and (max-width: 480px) 480px, (min-width: 481px) 800px, 100vw\" \/><\/p>\n<p><img loading=\"lazy\" decoding=\"async\" class=\"alignleft size-full wp-image-7126\" src=\"https:\/\/catholiques17.fr\/souzy\/wp-content\/uploads\/sites\/28\/2025\/03\/Chemin-ignatien17-recto.jpg\" alt=\"\" width=\"800\" height=\"565\" srcset=\"https:\/\/catholiques17.fr\/souzy\/wp-content\/uploads\/sites\/28\/2025\/03\/Chemin-ignatien17-recto.jpg 800w, https:\/\/catholiques17.fr\/souzy\/wp-content\/uploads\/sites\/28\/2025\/03\/Chemin-ignatien17-recto-480x339.jpg 480w\" sizes=\"(min-width: 0px) and (max-width: 480px) 480px, (min-width: 481px) 800px, 100vw\" \/><\/p>","excerpt":"","slug":"halte-spirituelle-etre-signe-desperance","image":{"url":"https:\/\/catholiques17.fr\/souzy\/wp-content\/uploads\/sites\/28\/2025\/03\/Logo-chemin-ignatien.jpg","id":7129,"extension":"jpg","width":469,"height":596,"filesize":160936,"sizes":{"medium":{"width":236,"height":300,"mime-type":"image\/jpeg","filesize":13048,"url":"https:\/\/catholiques17.fr\/souzy\/wp-content\/uploads\/sites\/28\/2025\/03\/Logo-chemin-ignatien-236x300.jpg"},"thumbnail":{"width":150,"height":150,"mime-type":"image\/jpeg","filesize":5610,"url":"https:\/\/catholiques17.fr\/souzy\/wp-content\/uploads\/sites\/28\/2025\/03\/Logo-chemin-ignatien-150x150.jpg"},"et-pb-post-main-image":{"width":400,"height":250,"mime-type":"image\/jpeg","filesize":14574,"url":"https:\/\/catholiques17.fr\/souzy\/wp-content\/uploads\/sites\/28\/2025\/03\/Logo-chemin-ignatien-400x250.jpg"},"et-pb-portfolio-image":{"width":400,"height":284,"mime-type":"image\/jpeg","filesize":14947,"url":"https:\/\/catholiques17.fr\/souzy\/wp-content\/uploads\/sites\/28\/2025\/03\/Logo-chemin-ignatien-400x284.jpg"},"et-pb-portfolio-module-image":{"width":469,"height":382,"mime-type":"image\/jpeg","filesize":21837,"url":"https:\/\/catholiques17.fr\/souzy\/wp-content\/uploads\/sites\/28\/2025\/03\/Logo-chemin-ignatien-469x382.jpg"},"et-pb-gallery-module-image-portrait":{"width":400,"height":516,"mime-type":"image\/jpeg","filesize":27217,"url":"https:\/\/catholiques17.fr\/souzy\/wp-content\/uploads\/sites\/28\/2025\/03\/Logo-chemin-ignatien-400x516.jpg"}}},"all_day":false,"start_date":"2025-11-29 09:30:00","start_date_details":{"year":"2025","month":"11","day":"29","hour":"09","minutes":"30","seconds":"00"},"end_date":"2025-11-29 16:30:00","end_date_details":{"year":"2025","month":"11","day":"29","hour":"16","minutes":"30","seconds":"00"},"utc_start_date":"2025-11-29 08:30:00","utc_start_date_details":{"year":"2025","month":"11","day":"29","hour":"08","minutes":"30","seconds":"00"},"utc_end_date":"2025-11-29 15:30:00","utc_end_date_details":{"year":"2025","month":"11","day":"29","hour":"15","minutes":"30","seconds":"00"},"timezone":"Europe\/Paris","timezone_abbr":"CET","cost":"","cost_details":{"currency_symbol":"\u20ac","currency_code":"USD","currency_position":"suffix","values":[]},"website":"","show_map":true,"show_map_link":true,"hide_from_listings":false,"sticky":false,"featured":false,"categories":[],"tags":[],"venue":{"id":5093,"author":"4","status":"publish","date":"2021-12-01 12:34:27","date_utc":"2021-12-01 11:34:27","modified":"2021-12-01 12:34:27","modified_utc":"2021-12-01 11:34:27","url":"https:\/\/catholiques17.fr\/souzy\/lieu\/maison-de-la-parole-souzy\/","venue":"Maison de la Parole Souzy","slug":"maison-de-la-parole-souzy","address":"33 rue Alfred Kastler","city":"La Rochelle","country":"France","zip":"17000","json_ld":{"@type":"Place","name":"Maison de la Parole Souzy","description":"","url":"","address":{"@type":"PostalAddress","streetAddress":"33 rue Alfred Kastler","addressLocality":"La Rochelle","postalCode":"17000","addressCountry":"France"},"telephone":"","sameAs":""},"show_map":true,"show_map_link":true,"global_id":"catholiques17.fr\/souzy?id=5093","global_id_lineage":["catholiques17.fr\/souzy?id=5093"]},"organizer":[],"custom_fields":[],"json_ld":{"@context":"http:\/\/schema.org","@type":"Event","name":"Halte spirituelle : Etre signe d&rsquo;esp\u00e9rance","description":"&lt;p&gt;A l\u2019invitation du Chemin ignatien 17, une halte spirituelle est propos\u00e9e le Samedi 29 novembre \u00e0 la Maison de la prole JB Souzy, de 9h30 \u00e0 16h30 Chacun apporte son [&hellip;]&lt;\/p&gt;\\n","image":"https:\/\/catholiques17.fr\/souzy\/wp-content\/uploads\/sites\/28\/2025\/03\/Logo-chemin-ignatien.jpg","url":"https:\/\/catholiques17.fr\/souzy\/event\/halte-spirituelle-etre-signe-desperance\/","eventAttendanceMode":"https:\/\/schema.org\/OfflineEventAttendanceMode","eventStatus":"https:\/\/schema.org\/EventScheduled","startDate":"2025-11-29T09:30:00+01:00","endDate":"2025-11-29T16:30:00+01:00","location":{"@type":"Place","name":"Maison de la Parole Souzy","description":"","url":"","address":{"@type":"PostalAddress","streetAddress":"33 rue Alfred Kastler","addressLocality":"La Rochelle","postalCode":"17000","addressCountry":"France"},"telephone":"","sameAs":""},"performer":"Organization"}}