{"id":7589,"date":"2026-04-17T19:22:23","date_gmt":"2026-04-17T17:22:23","guid":{"rendered":"https:\/\/catholiques17.fr\/saintjeandangely\/?p=7589"},"modified":"2026-04-17T19:25:01","modified_gmt":"2026-04-17T17:25:01","slug":"la-lettre-dinformation-du-diocese","status":"publish","type":"post","link":"https:\/\/catholiques17.fr\/saintjeandangely\/2026\/04\/17\/la-lettre-dinformation-du-diocese\/","title":{"rendered":"LA LETTRE D&rsquo;INFORMATION DU DIOCESE"},"content":{"rendered":"\n<p class=\"has-black-color has-text-color has-link-color has-medium-font-size wp-elements-238236af10649e7b3d78dbd3f4a8114a\">Le Dioc\u00e8se propose de vous informer en vous envoyant r\u00e9guli\u00e8rement sa lettre d&rsquo;information, n&rsquo;h\u00e9sitez pas \u00e0 vous inscrire pour la recevoir.<\/p>\n\n\n\n<div class=\"wp-block-buttons is-layout-flex wp-block-buttons-is-layout-flex\">\n<div class=\"wp-block-button has-custom-width wp-block-button__width-50\"><a class=\"wp-block-button__link wp-element-button\" href=\"https:\/\/catholiques17.fr\/saintjeandangely\/wp-content\/uploads\/sites\/18\/2026\/04\/Gmail-La-lettre-dinformation-du-diocese-de-La-Rochelle.pdf\">Voir la lettre<\/a><\/div>\n<\/div>\n","protected":false},"excerpt":{"rendered":"<p>Le Dioc\u00e8se propose de vous informer en vous envoyant r\u00e9guli\u00e8rement sa lettre d&rsquo;information, n&rsquo;h\u00e9sitez pas \u00e0 vous inscrire pour la recevoir.<\/p>\n","protected":false},"author":32,"featured_media":7586,"comment_status":"open","ping_status":"open","sticky":false,"template":"","format":"standard","meta":{"_et_pb_use_builder":"off","_et_pb_old_content":"","_et_gb_content_width":"","footnotes":""},"categories":[6,22],"tags":[],"class_list":["post-7589","post","type-post","status-publish","format-standard","has-post-thumbnail","hentry","category-actualite","category-diocese"],"_links":{"self":[{"href":"https:\/\/catholiques17.fr\/saintjeandangely\/wp-json\/wp\/v2\/posts\/7589","targetHints":{"allow":["GET"]}}],"collection":[{"href":"https:\/\/catholiques17.fr\/saintjeandangely\/wp-json\/wp\/v2\/posts"}],"about":[{"href":"https:\/\/catholiques17.fr\/saintjeandangely\/wp-json\/wp\/v2\/types\/post"}],"author":[{"embeddable":true,"href":"https:\/\/catholiques17.fr\/saintjeandangely\/wp-json\/wp\/v2\/users\/32"}],"replies":[{"embeddable":true,"href":"https:\/\/catholiques17.fr\/saintjeandangely\/wp-json\/wp\/v2\/comments?post=7589"}],"version-history":[{"count":2,"href":"https:\/\/catholiques17.fr\/saintjeandangely\/wp-json\/wp\/v2\/posts\/7589\/revisions"}],"predecessor-version":[{"id":7592,"href":"https:\/\/catholiques17.fr\/saintjeandangely\/wp-json\/wp\/v2\/posts\/7589\/revisions\/7592"}],"wp:featuredmedia":[{"embeddable":true,"href":"https:\/\/catholiques17.fr\/saintjeandangely\/wp-json\/wp\/v2\/media\/7586"}],"wp:attachment":[{"href":"https:\/\/catholiques17.fr\/saintjeandangely\/wp-json\/wp\/v2\/media?parent=7589"}],"wp:term":[{"taxonomy":"category","embeddable":true,"href":"https:\/\/catholiques17.fr\/saintjeandangely\/wp-json\/wp\/v2\/categories?post=7589"},{"taxonomy":"post_tag","embeddable":true,"href":"https:\/\/catholiques17.fr\/saintjeandangely\/wp-json\/wp\/v2\/tags?post=7589"}],"curies":[{"name":"wp","href":"https:\/\/api.w.org\/{rel}","templated":true}]}}