{"id":83,"date":"2021-01-28T16:38:03","date_gmt":"2021-01-28T15:38:03","guid":{"rendered":"https:\/\/catholiques17.fr\/saintes\/?p=83"},"modified":"2021-01-28T16:38:06","modified_gmt":"2021-01-28T15:38:06","slug":"messe-par-les-jeunes","status":"publish","type":"post","link":"https:\/\/catholiques17.fr\/saintes\/messe-par-les-jeunes\/","title":{"rendered":"Messe par les jeunes"},"content":{"rendered":"\n<p>Depuis cette ann\u00e9e, les paroisses de Saintes proposent une\u00a0<strong>messe anim\u00e9e par les jeunes<\/strong>\u00a0(coll\u00e9giens, lyc\u00e9ens, \u00e9tudiants), et ouverte \u00e0 tous.<\/p>\n\n\n\n<p>Cette messe aura lieu chaque dimanche \u00e0 18h (<strong>horaire avanc\u00e9 \u00e0 16h30<\/strong>\u00a0en raison du couvre-feu), \u00e0 l\u2019<strong>Abbaye aux Dames<\/strong>.<\/p>\n\n\n\n<p>Venez nombreux ! Invitez vos amis, surtout ceux qui n\u2019ont pas l\u2019habitude de la messe dominicale.<\/p>\n\n\n\n<p><strong>Les musiciens sont les bienvenus !<\/strong>&nbsp;Ils peuvent se rendre \u00e0 l\u2019Abbaye une heure avant la messe pour r\u00e9p\u00e9ter l\u2019accompagnement des chants.<\/p>\n","protected":false},"excerpt":{"rendered":"<p>Depuis cette ann\u00e9e, les paroisses de Saintes proposent une\u00a0messe anim\u00e9e par les jeunes\u00a0(coll\u00e9giens, lyc\u00e9ens, \u00e9tudiants), et ouverte \u00e0 tous. Cette messe aura lieu chaque dimanche \u00e0 18h (horaire avanc\u00e9 \u00e0 [&hellip;]<\/p>\n","protected":false},"author":5,"featured_media":0,"comment_status":"open","ping_status":"open","sticky":false,"template":"","format":"standard","meta":{"_et_pb_use_builder":"off","_et_pb_old_content":"","_et_gb_content_width":"","footnotes":""},"categories":[1],"tags":[],"class_list":["post-83","post","type-post","status-publish","format-standard","hentry","category-non-classe"],"_links":{"self":[{"href":"https:\/\/catholiques17.fr\/saintes\/wp-json\/wp\/v2\/posts\/83","targetHints":{"allow":["GET"]}}],"collection":[{"href":"https:\/\/catholiques17.fr\/saintes\/wp-json\/wp\/v2\/posts"}],"about":[{"href":"https:\/\/catholiques17.fr\/saintes\/wp-json\/wp\/v2\/types\/post"}],"author":[{"embeddable":true,"href":"https:\/\/catholiques17.fr\/saintes\/wp-json\/wp\/v2\/users\/5"}],"replies":[{"embeddable":true,"href":"https:\/\/catholiques17.fr\/saintes\/wp-json\/wp\/v2\/comments?post=83"}],"version-history":[{"count":1,"href":"https:\/\/catholiques17.fr\/saintes\/wp-json\/wp\/v2\/posts\/83\/revisions"}],"predecessor-version":[{"id":85,"href":"https:\/\/catholiques17.fr\/saintes\/wp-json\/wp\/v2\/posts\/83\/revisions\/85"}],"wp:attachment":[{"href":"https:\/\/catholiques17.fr\/saintes\/wp-json\/wp\/v2\/media?parent=83"}],"wp:term":[{"taxonomy":"category","embeddable":true,"href":"https:\/\/catholiques17.fr\/saintes\/wp-json\/wp\/v2\/categories?post=83"},{"taxonomy":"post_tag","embeddable":true,"href":"https:\/\/catholiques17.fr\/saintes\/wp-json\/wp\/v2\/tags?post=83"}],"curies":[{"name":"wp","href":"https:\/\/api.w.org\/{rel}","templated":true}]}}