{"id":4571,"date":"2021-04-25T12:54:00","date_gmt":"2021-04-25T10:54:00","guid":{"rendered":"https:\/\/catholiques17.fr\/saintes\/?p=4571"},"modified":"2021-04-25T12:54:03","modified_gmt":"2021-04-25T10:54:03","slug":"25-avril-2021-journee-mondiale-de-priere-pour-les-vocations","status":"publish","type":"post","link":"https:\/\/catholiques17.fr\/saintes\/25-avril-2021-journee-mondiale-de-priere-pour-les-vocations\/","title":{"rendered":"25 avril 2021 : journ\u00e9e mondiale de pri\u00e8re pour les vocations"},"content":{"rendered":"\n<p><strong>Dimanche 25 avril est le dimanche des vocations car \u00ab&nbsp;c\u2019est le dimanche du Bon Pasteur, celui qui aime ses brebis et qui livre sa vie pour eux&nbsp;\u00bb, explique fr\u00e8re Josu\u00e9. A l\u2019occasion de la Journ\u00e9e mondiale de pri\u00e8re pour les vocations 2021, le responsable du service des vocations pour le dioc\u00e8se de La Rochelle revient sur le message du pape Fran\u00e7ois, un message qui nous invite \u00e0 r\u00e9fl\u00e9chir \u00e0 la figure de saint Joseph.<\/strong><\/p>\n\n\n\n<figure class=\"wp-block-embed is-type-video is-provider-youtube wp-block-embed-youtube wp-embed-aspect-16-9 wp-has-aspect-ratio\"><div class=\"wp-block-embed__wrapper\">\n<iframe loading=\"lazy\" title=\"25 avril 2021 : Journ\u00e9e mondiale de pri\u00e8re pour les vocations\" width=\"1080\" height=\"608\" src=\"https:\/\/www.youtube.com\/embed\/B8BfFo9BpyY?feature=oembed\"  allow=\"accelerometer; autoplay; clipboard-write; encrypted-media; gyroscope; picture-in-picture\" allowfullscreen><\/iframe>\n<\/div><\/figure>\n","protected":false},"excerpt":{"rendered":"<p>Dimanche 25 avril est le dimanche des vocations car \u00ab&nbsp;c\u2019est le dimanche du Bon Pasteur, celui qui aime ses brebis et qui livre sa vie pour eux&nbsp;\u00bb, explique fr\u00e8re Josu\u00e9. [&hellip;]<\/p>\n","protected":false},"author":5,"featured_media":4572,"comment_status":"open","ping_status":"open","sticky":false,"template":"","format":"standard","meta":{"_et_pb_use_builder":"","_et_pb_old_content":"","_et_gb_content_width":"","footnotes":""},"categories":[6],"tags":[],"class_list":["post-4571","post","type-post","status-publish","format-standard","has-post-thumbnail","hentry","category-actualite"],"_links":{"self":[{"href":"https:\/\/catholiques17.fr\/saintes\/wp-json\/wp\/v2\/posts\/4571","targetHints":{"allow":["GET"]}}],"collection":[{"href":"https:\/\/catholiques17.fr\/saintes\/wp-json\/wp\/v2\/posts"}],"about":[{"href":"https:\/\/catholiques17.fr\/saintes\/wp-json\/wp\/v2\/types\/post"}],"author":[{"embeddable":true,"href":"https:\/\/catholiques17.fr\/saintes\/wp-json\/wp\/v2\/users\/5"}],"replies":[{"embeddable":true,"href":"https:\/\/catholiques17.fr\/saintes\/wp-json\/wp\/v2\/comments?post=4571"}],"version-history":[{"count":1,"href":"https:\/\/catholiques17.fr\/saintes\/wp-json\/wp\/v2\/posts\/4571\/revisions"}],"predecessor-version":[{"id":4573,"href":"https:\/\/catholiques17.fr\/saintes\/wp-json\/wp\/v2\/posts\/4571\/revisions\/4573"}],"wp:featuredmedia":[{"embeddable":true,"href":"https:\/\/catholiques17.fr\/saintes\/wp-json\/wp\/v2\/media\/4572"}],"wp:attachment":[{"href":"https:\/\/catholiques17.fr\/saintes\/wp-json\/wp\/v2\/media?parent=4571"}],"wp:term":[{"taxonomy":"category","embeddable":true,"href":"https:\/\/catholiques17.fr\/saintes\/wp-json\/wp\/v2\/categories?post=4571"},{"taxonomy":"post_tag","embeddable":true,"href":"https:\/\/catholiques17.fr\/saintes\/wp-json\/wp\/v2\/tags?post=4571"}],"curies":[{"name":"wp","href":"https:\/\/api.w.org\/{rel}","templated":true}]}}