{"id":4489,"date":"2021-04-04T12:15:00","date_gmt":"2021-04-04T10:15:00","guid":{"rendered":"https:\/\/catholiques17.fr\/saintes\/?p=4489"},"modified":"2021-04-15T12:17:07","modified_gmt":"2021-04-15T10:17:07","slug":"paques-2021-message-de-leveque","status":"publish","type":"post","link":"https:\/\/catholiques17.fr\/saintes\/paques-2021-message-de-leveque\/","title":{"rendered":"P\u00e2ques 2021 : message de l\u2019\u00e9v\u00eaque"},"content":{"rendered":"\n<p><strong>P\u00e2ques est le moment crucial de l\u2019ann\u00e9e liturgique. Pour nous chr\u00e9tiens, c\u2019est un temps fort parce que, petit \u00e0 petit dans les jours saints, nous entrons dans le myst\u00e8re chr\u00e9tien dans ce qu\u2019il a de plus fondamental et de plus scandaleux, comme l\u2019ont dit les juifs, de plus curieux, de plus \u00e9trange pour les autres : le myst\u00e8re de la mort et de la r\u00e9surrection du Seigneur.<\/strong><\/p>\n\n\n\n<figure class=\"wp-block-embed is-type-video is-provider-youtube wp-block-embed-youtube wp-embed-aspect-16-9 wp-has-aspect-ratio\"><div class=\"wp-block-embed__wrapper\">\n<iframe loading=\"lazy\" title=\"Message de l&#039;\u00e9v\u00eaque : P\u00e2ques, le moment le plus important de l&#039;ann\u00e9e liturgique\" width=\"1080\" height=\"608\" src=\"https:\/\/www.youtube.com\/embed\/WDGBk-eQn84?feature=oembed\"  allow=\"accelerometer; autoplay; clipboard-write; encrypted-media; gyroscope; picture-in-picture\" allowfullscreen><\/iframe>\n<\/div><\/figure>\n\n\n\n<p>Ainsi, nous passons du Dimanche des Rameaux, o\u00f9 une foule acclame J\u00e9sus en chantant \u00ab&nbsp;Hozanna, \u00f4 fil de David!&nbsp;\u00bb dans les rues de J\u00e9rusalem, en agitant des palmes. C\u2019est cette m\u00eame foule qui va crier dans quelques jours \u00ab&nbsp;crucifix-le !&nbsp;\u00bb. Ainsi ces jours nous interrogent sur nous-m\u00eames. Puisque nous sommes aussi cette foule d\u2019aujourd\u2019hui. Qui sommes-nous ? Quels types d\u2019hommes et de femmes sommes-nous ? P\u00e2ques nous renvoie \u00e0 nous-m\u00eames dans un myst\u00e8re de mort appel\u00e9e \u00e0 la r\u00e9surrection.<\/p>\n\n\n\n<p>Le soir du Jeudi Saint, nous c\u00e9l\u00e9brons la C\u00e8ne du Seigneur, ce moment magnifique o\u00f9 le Seigneur prit du pain, le b\u00e9nit, le rompit et le donna \u00e0 ses disciples, prit du vin, le b\u00e9nit, le leur donna et dit \u00ab&nbsp;vous ferez cela en m\u00e9moire de moi&nbsp;\u00bb. Depuis 2000 ans, nous c\u00e9l\u00e9brons ce sacrement de l\u2019Eucharistie \u00e0 la suite du Seigneur. Nous sommes rassembl\u00e9s avec lui pour partager ce pain et ce vin. Et ainsi, nous disons par l\u00e0 que la vie est plus forte que la mort.<\/p>\n\n\n\n<p>Quelles que soient les situations de d\u00e9tresse personnelles, communautaires ou de notre humanit\u00e9, le chr\u00e9tien est invit\u00e9 \u00e0 avoir un regard d\u2019\u00e9ternit\u00e9 sur l\u2019actualit\u00e9, sur lui-m\u00eame. En sachant que notre Seigneur est mort pour nous. Il est mort pour dire que la mort \u00e9tait un \u00e9tat temporaire et qu\u2019on peut lui donenr du sens avec le signe de la croix.<\/p>\n\n\n\n<p>C\u2019est ainsi que notre vie est quotidiennement donn\u00e9e entre les \u00e9poux, entre les parents et les enfants, les enfants et les parents, dans divers lieux o\u00f9 se vit la fraternit\u00e9, dans notre soci\u00e9t\u00e9, dans notre Eglise. Alors le signe de la croix est l\u00e0. Parce que la vie est donn\u00e9e. Et c\u2019est ce don qui fait que la mort a une fin. Au matin de P\u00e2ques, nous pouvons alors chanter en v\u00e9rit\u00e9 : \u00ab&nbsp;All\u00e9luia, il est ressuscit\u00e9 !&nbsp;\u00bb Ce don nous permet chaque jour d\u2019avoir des projets, des id\u00e9es, de vouloir donner la vie ici ou l\u00e0, de vouloir la soutenir.<\/p>\n\n\n\n<p>C\u2019est ce don du Seigneur qui fait de nous aussi des personnes donn\u00e9es mais des personnes aussi qui savent recevoir, qui savent recevoir de lui sa gr\u00e2ce, avec humilit\u00e9. Ainsi, si nos c\u0153urs et nos intelligences sont ouverts, et si le silence nous permet d\u2019entrer dans la pri\u00e8re, nous pourrons vivre ces jours saints d\u2019une mani\u00e8re magnifique et entrer dans ce myst\u00e8re de r\u00e9surrection qui nous permet d\u2019\u00eatre des chr\u00e9tiens mais aussi des citoyens qui ont leur part \u00e0 apporter dans l monde d\u2019aujourd\u2019hui.<\/p>\n\n\n\n<p>Rendons gr\u00e2ce \u00e0 Dieu de nous avoir envoy\u00e9 son fils. Rendons gr\u00e2ce au Seigneur J\u00e9sus d\u2019avoir, pendant ces trois ann\u00e9es avec ses disciples, parcouru les chemins de la Galil\u00e9e et d\u2019ailleurs pour nous d\u00e9livrer son message. Nous avons besoin de sa p\u00e9dagogie, de ses questions, de son exemple et de son enseignement pour devenir \u00e0 notre tour des disciples missionnaires dont nous parle le pape Fran\u00e7ois.<\/p>\n\n\n\n<p>Bonne et sainte f\u00eate de P\u00e2ques !<\/p>\n","protected":false},"excerpt":{"rendered":"<p>P\u00e2ques est le moment crucial de l\u2019ann\u00e9e liturgique. Pour nous chr\u00e9tiens, c\u2019est un temps fort parce que, petit \u00e0 petit dans les jours saints, nous entrons dans le myst\u00e8re chr\u00e9tien [&hellip;]<\/p>\n","protected":false},"author":5,"featured_media":0,"comment_status":"open","ping_status":"open","sticky":false,"template":"","format":"standard","meta":{"_et_pb_use_builder":"off","_et_pb_old_content":"","_et_gb_content_width":"","footnotes":""},"categories":[6],"tags":[],"class_list":["post-4489","post","type-post","status-publish","format-standard","hentry","category-actualite"],"_links":{"self":[{"href":"https:\/\/catholiques17.fr\/saintes\/wp-json\/wp\/v2\/posts\/4489","targetHints":{"allow":["GET"]}}],"collection":[{"href":"https:\/\/catholiques17.fr\/saintes\/wp-json\/wp\/v2\/posts"}],"about":[{"href":"https:\/\/catholiques17.fr\/saintes\/wp-json\/wp\/v2\/types\/post"}],"author":[{"embeddable":true,"href":"https:\/\/catholiques17.fr\/saintes\/wp-json\/wp\/v2\/users\/5"}],"replies":[{"embeddable":true,"href":"https:\/\/catholiques17.fr\/saintes\/wp-json\/wp\/v2\/comments?post=4489"}],"version-history":[{"count":1,"href":"https:\/\/catholiques17.fr\/saintes\/wp-json\/wp\/v2\/posts\/4489\/revisions"}],"predecessor-version":[{"id":4490,"href":"https:\/\/catholiques17.fr\/saintes\/wp-json\/wp\/v2\/posts\/4489\/revisions\/4490"}],"wp:attachment":[{"href":"https:\/\/catholiques17.fr\/saintes\/wp-json\/wp\/v2\/media?parent=4489"}],"wp:term":[{"taxonomy":"category","embeddable":true,"href":"https:\/\/catholiques17.fr\/saintes\/wp-json\/wp\/v2\/categories?post=4489"},{"taxonomy":"post_tag","embeddable":true,"href":"https:\/\/catholiques17.fr\/saintes\/wp-json\/wp\/v2\/tags?post=4489"}],"curies":[{"name":"wp","href":"https:\/\/api.w.org\/{rel}","templated":true}]}}