{"id":4484,"date":"2021-04-15T12:08:32","date_gmt":"2021-04-15T10:08:32","guid":{"rendered":"https:\/\/catholiques17.fr\/saintes\/?p=4484"},"modified":"2021-04-15T12:08:41","modified_gmt":"2021-04-15T10:08:41","slug":"la-librairie-siloe-reste-ouverte-pendant-le-confinement","status":"publish","type":"post","link":"https:\/\/catholiques17.fr\/saintes\/la-librairie-siloe-reste-ouverte-pendant-le-confinement\/","title":{"rendered":"La librairie Silo\u00eb reste ouverte pendant le confinement"},"content":{"rendered":"\n<p><strong>Bonne nouvelle pour nos amis lecteurs : la librairie Silo\u00eb est un commerce essentiel et restera donc ouverte \u00e0 la Maison dioc\u00e9saine de Saintes et \u00e0 La Rochelle !<\/strong><\/p>\n\n\n\n<p>Cette librairie dioc\u00e9saine propose un choix de livres chr\u00e9tiens pour tous les \u00e2ges, ainsi que sur les autres religions, et sur la r\u00e9gion. Vous y trouverez aussi des CD, des DVD, des objets d\u2019art religieux, des produits monastiques et des cartes.<\/p>\n\n\n\n<p>Son libraire sp\u00e9cialis\u00e9 et form\u00e9 dans ce domaine se fera un grand plaisir de vous partager ses lectures, coups de c\u0153ur et nouveaut\u00e9s !<\/p>\n\n\n\n<p>Horaires d\u2019ouverture \u00e0 Saintes : Mardi, jeudi et vendredi de 09h00 \u00e0 12h30 et de13h30 \u00e0 17h00<br>Adresse : Maison dioc\u00e9saine, 6 all\u00e9e du S\u00e9minaire, 17100 Saintes \u2013 0546937873<br>E-mail : siloe.larochelle@orange.fr<\/p>\n","protected":false},"excerpt":{"rendered":"<p>Bonne nouvelle pour nos amis lecteurs : la librairie Silo\u00eb est un commerce essentiel et restera donc ouverte \u00e0 la Maison dioc\u00e9saine de Saintes et \u00e0 La Rochelle ! Cette [&hellip;]<\/p>\n","protected":false},"author":5,"featured_media":0,"comment_status":"open","ping_status":"open","sticky":false,"template":"","format":"standard","meta":{"_et_pb_use_builder":"off","_et_pb_old_content":"","_et_gb_content_width":"","footnotes":""},"categories":[6],"tags":[],"class_list":["post-4484","post","type-post","status-publish","format-standard","hentry","category-actualite"],"_links":{"self":[{"href":"https:\/\/catholiques17.fr\/saintes\/wp-json\/wp\/v2\/posts\/4484","targetHints":{"allow":["GET"]}}],"collection":[{"href":"https:\/\/catholiques17.fr\/saintes\/wp-json\/wp\/v2\/posts"}],"about":[{"href":"https:\/\/catholiques17.fr\/saintes\/wp-json\/wp\/v2\/types\/post"}],"author":[{"embeddable":true,"href":"https:\/\/catholiques17.fr\/saintes\/wp-json\/wp\/v2\/users\/5"}],"replies":[{"embeddable":true,"href":"https:\/\/catholiques17.fr\/saintes\/wp-json\/wp\/v2\/comments?post=4484"}],"version-history":[{"count":1,"href":"https:\/\/catholiques17.fr\/saintes\/wp-json\/wp\/v2\/posts\/4484\/revisions"}],"predecessor-version":[{"id":4485,"href":"https:\/\/catholiques17.fr\/saintes\/wp-json\/wp\/v2\/posts\/4484\/revisions\/4485"}],"wp:attachment":[{"href":"https:\/\/catholiques17.fr\/saintes\/wp-json\/wp\/v2\/media?parent=4484"}],"wp:term":[{"taxonomy":"category","embeddable":true,"href":"https:\/\/catholiques17.fr\/saintes\/wp-json\/wp\/v2\/categories?post=4484"},{"taxonomy":"post_tag","embeddable":true,"href":"https:\/\/catholiques17.fr\/saintes\/wp-json\/wp\/v2\/tags?post=4484"}],"curies":[{"name":"wp","href":"https:\/\/api.w.org\/{rel}","templated":true}]}}