{"id":4481,"date":"2021-04-06T12:04:00","date_gmt":"2021-04-06T10:04:00","guid":{"rendered":"https:\/\/catholiques17.fr\/saintes\/?p=4481"},"modified":"2021-04-15T12:07:16","modified_gmt":"2021-04-15T10:07:16","slug":"paques-2021-il-est-ressuscite","status":"publish","type":"post","link":"https:\/\/catholiques17.fr\/saintes\/paques-2021-il-est-ressuscite\/","title":{"rendered":"P\u00e2ques 2021: Il est ressuscit\u00e9 !"},"content":{"rendered":"\n<p>Les paroisses de Saintes vous souhaite un belle semaine de P\u00e2ques, dans la lumi\u00e8re du Christ resuscit\u00e9 ! La mort est vaincue, nos \u00e9preuves et nos peines peuvent trouver un sens. Nous ne sommes pas seuls, Il marche \u00e0 nos c\u00f4t\u00e9s. Alleluia !<\/p>\n","protected":false},"excerpt":{"rendered":"<p>Les paroisses de Saintes vous souhaite un belle semaine de P\u00e2ques, dans la lumi\u00e8re du Christ resuscit\u00e9 ! La mort est vaincue, nos \u00e9preuves et nos peines peuvent trouver un [&hellip;]<\/p>\n","protected":false},"author":5,"featured_media":4482,"comment_status":"open","ping_status":"open","sticky":false,"template":"","format":"standard","meta":{"_et_pb_use_builder":"off","_et_pb_old_content":"","_et_gb_content_width":"","footnotes":""},"categories":[6],"tags":[],"class_list":["post-4481","post","type-post","status-publish","format-standard","has-post-thumbnail","hentry","category-actualite"],"_links":{"self":[{"href":"https:\/\/catholiques17.fr\/saintes\/wp-json\/wp\/v2\/posts\/4481","targetHints":{"allow":["GET"]}}],"collection":[{"href":"https:\/\/catholiques17.fr\/saintes\/wp-json\/wp\/v2\/posts"}],"about":[{"href":"https:\/\/catholiques17.fr\/saintes\/wp-json\/wp\/v2\/types\/post"}],"author":[{"embeddable":true,"href":"https:\/\/catholiques17.fr\/saintes\/wp-json\/wp\/v2\/users\/5"}],"replies":[{"embeddable":true,"href":"https:\/\/catholiques17.fr\/saintes\/wp-json\/wp\/v2\/comments?post=4481"}],"version-history":[{"count":1,"href":"https:\/\/catholiques17.fr\/saintes\/wp-json\/wp\/v2\/posts\/4481\/revisions"}],"predecessor-version":[{"id":4483,"href":"https:\/\/catholiques17.fr\/saintes\/wp-json\/wp\/v2\/posts\/4481\/revisions\/4483"}],"wp:featuredmedia":[{"embeddable":true,"href":"https:\/\/catholiques17.fr\/saintes\/wp-json\/wp\/v2\/media\/4482"}],"wp:attachment":[{"href":"https:\/\/catholiques17.fr\/saintes\/wp-json\/wp\/v2\/media?parent=4481"}],"wp:term":[{"taxonomy":"category","embeddable":true,"href":"https:\/\/catholiques17.fr\/saintes\/wp-json\/wp\/v2\/categories?post=4481"},{"taxonomy":"post_tag","embeddable":true,"href":"https:\/\/catholiques17.fr\/saintes\/wp-json\/wp\/v2\/tags?post=4481"}],"curies":[{"name":"wp","href":"https:\/\/api.w.org\/{rel}","templated":true}]}}