{"id":4284,"date":"2021-02-19T10:21:00","date_gmt":"2021-02-19T09:21:00","guid":{"rendered":"https:\/\/catholiques17.fr\/saintes\/?p=4284"},"modified":"2021-04-15T12:09:55","modified_gmt":"2021-04-15T10:09:55","slug":"dimanche-de-la-sante-sacrement-des-malades-fev2021-2","status":"publish","type":"post","link":"https:\/\/catholiques17.fr\/saintes\/dimanche-de-la-sante-sacrement-des-malades-fev2021-2\/","title":{"rendered":"Dimanche de la sant\u00e9 \u2013 Sacrement des malades (fev2021)"},"content":{"rendered":"\n<p><strong>Dimanche de la Sant\u00e9:\u00a0une bonne occasion pour red\u00e9couvrir la puissance du Sacrement des malades. Un \u00abm\u00e9dicament\u00bb excellent car il poss\u00e8de de nombreux bienfaits et n\u2019a pas d\u2019effets secondaires. La v\u00e9ritable efficacit\u00e9 du sacrement des malades : passer d\u2019un d\u00e9sir de gu\u00e9rison au d\u00e9sir de Dieu.<\/strong><\/p>\n\n\n\n<p>Avez-vous d\u00e9j\u00e0 os\u00e9 parler du&nbsp;<a href=\"https:\/\/fr.aleteia.org\/2017\/06\/11\/temoignage-le-sacrement-des-malades-sacrement-de-vie\/\">s<em>acrement des malades<\/em><\/a>&nbsp;\u00e0 une personne de votre entourage vivant l\u2019\u00e9preuve de la maladie grave\u2009? Et si la nouvelle \u00e9vang\u00e9lisation passait notamment par ce type de proposition parfois oubli\u00e9e\u2009? Car, avouons-le, la part du sacrement des malades dans le minist\u00e8re du pr\u00eatre aujourd\u2019hui n\u2019est pas la plus chronophage. Pourtant, combien ce sacrement nous parle et nous fait vivre du myst\u00e8re pascal, de la pr\u00e9sence salvatrice du Christ\u2009! Peut-\u00eatre faut-il \u00eatre au clair avec ce sacrement aux moments les plus lucides de notre vie pour que nous le sollicitions au c\u0153ur de l\u2019\u00e9preuve.<\/p>\n\n\n\n<p>Depuis le XII<sup>e<\/sup>si\u00e8cle, le Sacrement de malades \u00e9tait administr\u00e9 aux mourants pour le salut de leur \u00e2me ; d\u2019o\u00f9 le nom \u00abextr\u00eame onction\u00bb. Mais en 1972, la R\u00e9forme liturgique initi\u00e9e par le Concile Vatican II, fait de\u00a0<em>l\u2019onction des malades un sacrement ayant pour but d\u2019apporter<\/em>, par la gr\u00e2ce de l\u2019Esprit Saint,\u00a0<em>une force, une \u00e9nergie, un soutien, \u00e0 tout chr\u00e9tien confront\u00e9 \u00e0 une maladie grave ou aux faiblesses du grand \u00e2ge<\/em>.<\/p>\n\n\n\n<p><strong>Comment mesurer l\u2019efficacit\u00e9 du sacrement des malades&nbsp;?<\/strong><\/p>\n\n\n\n<p>J\u2019aimerais vous introduire \u00e0 sa richesse et \u00e0 son efficacit\u00e9\u2009! Allons-y, le mot est l\u00e2ch\u00e9, celui de l\u2019efficacit\u00e9. Car quand nous parlons d\u2019efficacit\u00e9, nous en parlons bien souvent \u00e0 la mani\u00e8re du monde, celle d\u2019une utilit\u00e9 imm\u00e9diate, d\u00e9termin\u00e9e \u00e0 l\u2019avance. Le sacrement des malades, comme pour tout sacrement, nous invite \u00e0 un d\u00e9placement profond. C\u2019est de l\u2019efficacit\u00e9 de la libre initiative de Dieu qu\u2019il est question. Exp\u00e9rience de d\u00e9sappropriation de nous-m\u00eames pour accueillir le don gratuit de Dieu.\u00a0<strong><em>Passer de notre d\u00e9sir de\u00a0<\/em><\/strong><a href=\"https:\/\/fr.aleteia.org\/tag\/guerison\/\"><strong><em>gu\u00e9rison<\/em><\/strong><\/a><strong><em>\u00a0au d\u00e9sir de Dieu, celui de notre salut<\/em><\/strong>. Passer de la possession de notre propre vie \u00e0 celle d\u2019une filiation \u00e0 l\u2019\u00e9gard du P\u00e8re qui nous a donn\u00e9 de vivre. C\u2019est \u00e0 ces d\u00e9placements que l\u2019on pourrait mesurer l\u2019efficacit\u00e9 du sacrement des malades et ses cons\u00e9quences.\u00a0<strong><em>Accueillir une paix profonde, celle de nous savoir accompagn\u00e9, aim\u00e9, choisi<\/em><\/strong>, sans d\u00e9terminer par avance le chemin de cette paix et de cet amour renouvel\u00e9.<\/p>\n\n\n\n<p>Le sacrement est efficace quand il fait ce qu\u2019il dit. Voici ce qu\u2019il annonce : \u00ab<em>Que le Seigneur, en sa grande bont\u00e9, vous r\u00e9conforte par la gr\u00e2ce de l\u2019Esprit Saint; ainsi, vous ayant lib\u00e9r\u00e9\u00a0de tous p\u00e9ch\u00e9s, qu\u2019Il vous sauve et vous rel\u00e8ve<\/em>\u00bb. Il nous parle d\u2019une union r\u00e9confortante avec le Seigneur qui a fait l\u2019exp\u00e9rience, pour notre salut, du passage par la Passion. \u00ab<em>Venez \u00e0 moi vous qui peinez sous le poids du fardeau et je vous soulagerai<\/em>\u00bb, dit J\u00e9sus (Mt 11, 28). C\u2019est exactement ce que le Christ nous propose par le sacrement des malades : remettre sa souffrance \u00e0 Dieu et en ressentir un r\u00e9confort, un repos, et une paix int\u00e9rieure.<\/p>\n\n\n\n<p>Le concile de Florence nous dit que l\u2019effet de ce sacrement est \u00ab<em>la gu\u00e9rison de l\u2019esprit et, pour autant que cela est utile\u00a0\u00e0\u00a0l\u2019\u00e2me, celle aussi du corps<\/em>\u2009\u00bb. C\u2019est donc faire le choix de nous placer sous la volont\u00e9 aimante de Dieu. C\u2019est \u00e0 cet amour de nous-m\u00eames, dans nos fragilit\u00e9s, par l\u2019amour infini de Dieu, que nous pourrions mesurer l\u2019efficacit\u00e9 du sacrement des malades\u2009!<\/p>\n\n\n\n<hr class=\"wp-block-separator\"\/>\n\n\n\n<p><a href=\"https:\/\/catholiques17.fr\/saintes\/actu-saintes\/dimanche-de-la-sante-sacrement-des-malades-fev2021\/#_ftnref1\">[1]<\/a>&nbsp;Article tir\u00e9 de&nbsp;<em>Aleteia<\/em>, section&nbsp;<em>Spiritualit\u00e9<\/em>, Dimanche 7 f\u00e9vrier 2021<\/p>\n","protected":false},"excerpt":{"rendered":"<p>Dimanche de la Sant\u00e9:\u00a0une bonne occasion pour red\u00e9couvrir la puissance du Sacrement des malades. Un \u00abm\u00e9dicament\u00bb excellent car il poss\u00e8de de nombreux bienfaits et n\u2019a pas d\u2019effets secondaires. La v\u00e9ritable [&hellip;]<\/p>\n","protected":false},"author":5,"featured_media":0,"comment_status":"open","ping_status":"open","sticky":false,"template":"","format":"standard","meta":{"_et_pb_use_builder":"off","_et_pb_old_content":"","_et_gb_content_width":"","footnotes":""},"categories":[6],"tags":[],"class_list":["post-4284","post","type-post","status-publish","format-standard","hentry","category-actualite"],"_links":{"self":[{"href":"https:\/\/catholiques17.fr\/saintes\/wp-json\/wp\/v2\/posts\/4284","targetHints":{"allow":["GET"]}}],"collection":[{"href":"https:\/\/catholiques17.fr\/saintes\/wp-json\/wp\/v2\/posts"}],"about":[{"href":"https:\/\/catholiques17.fr\/saintes\/wp-json\/wp\/v2\/types\/post"}],"author":[{"embeddable":true,"href":"https:\/\/catholiques17.fr\/saintes\/wp-json\/wp\/v2\/users\/5"}],"replies":[{"embeddable":true,"href":"https:\/\/catholiques17.fr\/saintes\/wp-json\/wp\/v2\/comments?post=4284"}],"version-history":[{"count":1,"href":"https:\/\/catholiques17.fr\/saintes\/wp-json\/wp\/v2\/posts\/4284\/revisions"}],"predecessor-version":[{"id":4285,"href":"https:\/\/catholiques17.fr\/saintes\/wp-json\/wp\/v2\/posts\/4284\/revisions\/4285"}],"wp:attachment":[{"href":"https:\/\/catholiques17.fr\/saintes\/wp-json\/wp\/v2\/media?parent=4284"}],"wp:term":[{"taxonomy":"category","embeddable":true,"href":"https:\/\/catholiques17.fr\/saintes\/wp-json\/wp\/v2\/categories?post=4284"},{"taxonomy":"post_tag","embeddable":true,"href":"https:\/\/catholiques17.fr\/saintes\/wp-json\/wp\/v2\/tags?post=4284"}],"curies":[{"name":"wp","href":"https:\/\/api.w.org\/{rel}","templated":true}]}}