{"id":4281,"date":"2021-03-19T10:18:00","date_gmt":"2021-03-19T09:18:00","guid":{"rendered":"https:\/\/catholiques17.fr\/saintes\/?p=4281"},"modified":"2021-04-09T15:37:26","modified_gmt":"2021-04-09T13:37:26","slug":"vivre-le-careme-2021","status":"publish","type":"post","link":"https:\/\/catholiques17.fr\/saintes\/vivre-le-careme-2021\/","title":{"rendered":"Vivre le car\u00eame 2021"},"content":{"rendered":"\n<p>Voici deux propositions pour vivre ce temps de Car\u00eame :<\/p>\n\n\n\n<ul class=\"wp-block-list\"><li>Une retraite spirituelle anim\u00e9e par les moines de l\u2019Institut du Verbe Incarn\u00e9&nbsp; :&nbsp;<a rel=\"noreferrer noopener\" href=\"http:\/\/youtu.be\/n-An_y2M-2c\" target=\"_blank\">http:\/\/youtu.be\/n-An_y2M-2c<\/a><\/li><li>Le parcours de Car\u00eame du dioc\u00e8se de La Rochelle qui va du mercredi des Cendres au dimanche de la R\u00e9surrection ; il comporte huit \u00e9tapes, \u00e0 vivre individuellement ou en petites \u00e9quipes.&nbsp;Pour chacune d\u2019entre elles, un th\u00e8me sera propos\u00e9 chaque semaine que vous pourrez consulter sur le site :&nbsp;&nbsp;<a rel=\"noreferrer noopener\" href=\"https:\/\/catholiques17.fr\/careme-2021\/\" target=\"_blank\">https:\/\/catholiques17.fr\/careme-2021\/<\/a><\/li><\/ul>\n","protected":false},"excerpt":{"rendered":"<p>Voici deux propositions pour vivre ce temps de Car\u00eame : Une retraite spirituelle anim\u00e9e par les moines de l\u2019Institut du Verbe Incarn\u00e9&nbsp; :&nbsp;http:\/\/youtu.be\/n-An_y2M-2c Le parcours de Car\u00eame du dioc\u00e8se de [&hellip;]<\/p>\n","protected":false},"author":5,"featured_media":4282,"comment_status":"open","ping_status":"open","sticky":false,"template":"","format":"standard","meta":{"_et_pb_use_builder":"off","_et_pb_old_content":"","_et_gb_content_width":"","footnotes":""},"categories":[6],"tags":[],"class_list":["post-4281","post","type-post","status-publish","format-standard","has-post-thumbnail","hentry","category-actualite"],"_links":{"self":[{"href":"https:\/\/catholiques17.fr\/saintes\/wp-json\/wp\/v2\/posts\/4281","targetHints":{"allow":["GET"]}}],"collection":[{"href":"https:\/\/catholiques17.fr\/saintes\/wp-json\/wp\/v2\/posts"}],"about":[{"href":"https:\/\/catholiques17.fr\/saintes\/wp-json\/wp\/v2\/types\/post"}],"author":[{"embeddable":true,"href":"https:\/\/catholiques17.fr\/saintes\/wp-json\/wp\/v2\/users\/5"}],"replies":[{"embeddable":true,"href":"https:\/\/catholiques17.fr\/saintes\/wp-json\/wp\/v2\/comments?post=4281"}],"version-history":[{"count":2,"href":"https:\/\/catholiques17.fr\/saintes\/wp-json\/wp\/v2\/posts\/4281\/revisions"}],"predecessor-version":[{"id":4478,"href":"https:\/\/catholiques17.fr\/saintes\/wp-json\/wp\/v2\/posts\/4281\/revisions\/4478"}],"wp:featuredmedia":[{"embeddable":true,"href":"https:\/\/catholiques17.fr\/saintes\/wp-json\/wp\/v2\/media\/4282"}],"wp:attachment":[{"href":"https:\/\/catholiques17.fr\/saintes\/wp-json\/wp\/v2\/media?parent=4281"}],"wp:term":[{"taxonomy":"category","embeddable":true,"href":"https:\/\/catholiques17.fr\/saintes\/wp-json\/wp\/v2\/categories?post=4281"},{"taxonomy":"post_tag","embeddable":true,"href":"https:\/\/catholiques17.fr\/saintes\/wp-json\/wp\/v2\/tags?post=4281"}],"curies":[{"name":"wp","href":"https:\/\/api.w.org\/{rel}","templated":true}]}}