{"id":4277,"date":"2021-03-19T10:01:31","date_gmt":"2021-03-19T09:01:31","guid":{"rendered":"https:\/\/catholiques17.fr\/saintes\/?p=4277"},"modified":"2021-04-15T12:09:46","modified_gmt":"2021-04-15T10:09:46","slug":"temps-pour-dieu-13-mars-2021","status":"publish","type":"post","link":"https:\/\/catholiques17.fr\/saintes\/temps-pour-dieu-13-mars-2021\/","title":{"rendered":"Temps pour Dieu \u2013 13 mars 2021"},"content":{"rendered":"\n<p><strong><a href=\"https:\/\/catholiques17.fr\/saintes\/wp-content\/uploads\/sites\/5\/2021\/03\/Un-Temps-pour-Dieu-13-mars-2021-tract.pdf\" target=\"_blank\" rel=\"noreferrer noopener\">Cath\u00e9drale Saint Pierre de 9h30 \u00e0 17h30<\/a><\/strong><\/p>\n\n\n\n<p><strong>Venez d\u00e9couvrir la Mis\u00e9ricorde de Dieu, son Amour, son Pardon<\/strong><\/p>\n\n\n\n<p><em>Enfants, jeunes et adultes, c\u2019est un moment privil\u00e9gi\u00e9 qui nous est offert.<\/em><\/p>\n\n\n\n<p><strong>Temps de conversion, de pri\u00e8re, de louange, de fraternit\u00e9\u2026<\/strong><\/p>\n\n\n\n<p><strong>N\u2019h\u00e9sitons pas \u00e0 nous reposer sur le c\u0153ur aimant du Seigneur&nbsp;!<\/strong><\/p>\n\n\n\n<p>Ateliers pour tous, toute la journ\u00e9e<\/p>\n\n\n\n<p>Les adultes sont invit\u00e9s \u00e0 entourer les jeunes dans les \u00e9tapes importantes de leur parcours avec le Seigneur<\/p>\n\n\n\n<p><strong><em>Confessions toute la journ\u00e9e<\/em><\/strong><\/p>\n\n\n\n<p>v 12h&nbsp;: Angelus<\/p>\n\n\n\n<p>v&nbsp; Ateliers propos\u00e9s&nbsp;:<\/p>\n\n\n\n<p>&nbsp;&nbsp;&nbsp; D\u00e9votion au Sacr\u00e9 C\u0153ur<\/p>\n\n\n\n<p>&nbsp;&nbsp;&nbsp; Initiation \u00e0 l\u2019Adoration Eucharistique<\/p>\n\n\n\n<p>&nbsp;&nbsp;&nbsp; Confessions<\/p>\n\n\n\n<p>&nbsp;&nbsp;&nbsp; Rosaire<\/p>\n\n\n\n<p>&nbsp;&nbsp;&nbsp; Mission<\/p>\n\n\n\n<p>Adoration du Saint Sacrement, accompagn\u00e9e par les Guides d\u2019Europe, \u00e0 14h et \u00e0 15h&nbsp;; exposition jusqu\u2019\u00e0 16h<\/p>\n\n\n\n<p>v 16h30&nbsp;: messe anticip\u00e9e d<\/p>\n","protected":false},"excerpt":{"rendered":"<p>Cath\u00e9drale Saint Pierre de 9h30 \u00e0 17h30 Venez d\u00e9couvrir la Mis\u00e9ricorde de Dieu, son Amour, son Pardon Enfants, jeunes et adultes, c\u2019est un moment privil\u00e9gi\u00e9 qui nous est offert. Temps [&hellip;]<\/p>\n","protected":false},"author":1,"featured_media":4280,"comment_status":"open","ping_status":"open","sticky":false,"template":"","format":"standard","meta":{"_et_pb_use_builder":"off","_et_pb_old_content":"","_et_gb_content_width":"","footnotes":""},"categories":[6],"tags":[],"class_list":["post-4277","post","type-post","status-publish","format-standard","has-post-thumbnail","hentry","category-actualite"],"_links":{"self":[{"href":"https:\/\/catholiques17.fr\/saintes\/wp-json\/wp\/v2\/posts\/4277","targetHints":{"allow":["GET"]}}],"collection":[{"href":"https:\/\/catholiques17.fr\/saintes\/wp-json\/wp\/v2\/posts"}],"about":[{"href":"https:\/\/catholiques17.fr\/saintes\/wp-json\/wp\/v2\/types\/post"}],"author":[{"embeddable":true,"href":"https:\/\/catholiques17.fr\/saintes\/wp-json\/wp\/v2\/users\/1"}],"replies":[{"embeddable":true,"href":"https:\/\/catholiques17.fr\/saintes\/wp-json\/wp\/v2\/comments?post=4277"}],"version-history":[{"count":1,"href":"https:\/\/catholiques17.fr\/saintes\/wp-json\/wp\/v2\/posts\/4277\/revisions"}],"predecessor-version":[{"id":4279,"href":"https:\/\/catholiques17.fr\/saintes\/wp-json\/wp\/v2\/posts\/4277\/revisions\/4279"}],"wp:featuredmedia":[{"embeddable":true,"href":"https:\/\/catholiques17.fr\/saintes\/wp-json\/wp\/v2\/media\/4280"}],"wp:attachment":[{"href":"https:\/\/catholiques17.fr\/saintes\/wp-json\/wp\/v2\/media?parent=4277"}],"wp:term":[{"taxonomy":"category","embeddable":true,"href":"https:\/\/catholiques17.fr\/saintes\/wp-json\/wp\/v2\/categories?post=4277"},{"taxonomy":"post_tag","embeddable":true,"href":"https:\/\/catholiques17.fr\/saintes\/wp-json\/wp\/v2\/tags?post=4277"}],"curies":[{"name":"wp","href":"https:\/\/api.w.org\/{rel}","templated":true}]}}